{"id":9378,"date":"2025-07-08T10:54:12","date_gmt":"2025-07-08T08:54:12","guid":{"rendered":"https:\/\/sandrovanini.ch\/?p=9378"},"modified":"2025-07-08T10:54:12","modified_gmt":"2025-07-08T08:54:12","slug":"ensemble-pour-cevio-et-lavizzara","status":"publish","type":"post","link":"https:\/\/sandrovanini.ch\/fr\/ensemble-pour-cevio-et-lavizzara\/","title":{"rendered":"Ensemble pour Cevio et Lavizzara"},"content":{"rendered":"<p>La solidarit\u00e9 est une valeur profond\u00e9ment ancr\u00e9e en Suisse.<br data-start=\"620\" data-end=\"623\" \/>Nous avons \u00e9t\u00e9 heureux, en tant qu\u2019entreprise, de participer \u00e0 l\u2019initiative de l\u2019AITI et de faire partie des nombreuses gouttes qui ont apport\u00e9 leur aide lors de cette immense catastrophe.<br data-start=\"811\" data-end=\"814\" \/>Nous sommes convaincus que l\u2019esprit tenace de Cevio et Lavizzara permettra une reconstruction rapide et apportera un nouvel \u00e9lan \u00e0 cette magnifique r\u00e9gion.<\/p>\n<p><a href=\"https:\/\/sandrovanini.ch\/vaniniwpsite\/wp-content\/uploads\/Lettera-Rignraziamento-Comuni-Cevio-e-Lavizzara.pdf\">Lettera Rignraziamento Comuni Cevio e Lavizzara<\/a><\/p>\n<p><a href=\"https:\/\/sandrovanini.ch\/vaniniwpsite\/wp-content\/uploads\/Ringraziamento.pdf\">Ringraziamento<\/a><\/p>\n","protected":false},"excerpt":{"rendered":"<p>La solidarit\u00e9 est une valeur profond\u00e9ment ancr\u00e9e en Suisse.Nous avons \u00e9t\u00e9 heureux, en tant qu\u2019entreprise, de participer \u00e0 l\u2019initiative de l\u2019AITI et de&#8230;<\/p>\n","protected":false},"author":12,"featured_media":0,"comment_status":"closed","ping_status":"open","sticky":false,"template":"","format":"standard","meta":{"_acf_changed":false,"footnotes":""},"categories":[26],"tags":[],"class_list":["post-9378","post","type-post","status-publish","format-standard","hentry","category-non-classifiee"],"acf":[],"yoast_head":"<!-- This site is optimized with the Yoast SEO plugin v27.3 - https:\/\/yoast.com\/product\/yoast-seo-wordpress\/ -->\n<title>Ensemble pour Cevio et Lavizzara - Sandro Vanini SA<\/title>\n<meta name=\"robots\" content=\"index, follow, max-snippet:-1, max-image-preview:large, max-video-preview:-1\" \/>\n<link rel=\"canonical\" href=\"https:\/\/sandrovanini.ch\/fr\/ensemble-pour-cevio-et-lavizzara\/\" \/>\n<meta property=\"og:locale\" content=\"fr_FR\" \/>\n<meta property=\"og:type\" content=\"article\" \/>\n<meta property=\"og:title\" content=\"Ensemble pour Cevio et Lavizzara - Sandro Vanini SA\" \/>\n<meta property=\"og:description\" content=\"La solidarit\u00e9 est une valeur profond\u00e9ment ancr\u00e9e en Suisse.Nous avons \u00e9t\u00e9 heureux, en tant qu\u2019entreprise, de participer \u00e0 l\u2019initiative de l\u2019AITI et de...\" \/>\n<meta property=\"og:url\" content=\"https:\/\/sandrovanini.ch\/fr\/ensemble-pour-cevio-et-lavizzara\/\" \/>\n<meta property=\"og:site_name\" content=\"Sandro Vanini SA\" \/>\n<meta property=\"article:published_time\" content=\"2025-07-08T08:54:12+00:00\" \/>\n<meta name=\"author\" content=\"Stefan.Furrer\" \/>\n<meta name=\"twitter:card\" content=\"summary_large_image\" \/>\n<meta name=\"twitter:label1\" content=\"\u00c9crit par\" \/>\n\t<meta name=\"twitter:data1\" content=\"Stefan.Furrer\" \/>\n<script type=\"application\/ld+json\" class=\"yoast-schema-graph\">{\"@context\":\"https:\\\/\\\/schema.org\",\"@graph\":[{\"@type\":\"Article\",\"@id\":\"https:\\\/\\\/sandrovanini.ch\\\/fr\\\/ensemble-pour-cevio-et-lavizzara\\\/#article\",\"isPartOf\":{\"@id\":\"https:\\\/\\\/sandrovanini.ch\\\/fr\\\/ensemble-pour-cevio-et-lavizzara\\\/\"},\"author\":{\"name\":\"Stefan.Furrer\",\"@id\":\"https:\\\/\\\/sandrovanini.ch\\\/#\\\/schema\\\/person\\\/572677f1677d5cafa064b09e8d3f0bb3\"},\"headline\":\"Ensemble pour Cevio et Lavizzara\",\"datePublished\":\"2025-07-08T08:54:12+00:00\",\"mainEntityOfPage\":{\"@id\":\"https:\\\/\\\/sandrovanini.ch\\\/fr\\\/ensemble-pour-cevio-et-lavizzara\\\/\"},\"wordCount\":79,\"publisher\":{\"@id\":\"https:\\\/\\\/sandrovanini.ch\\\/#organization\"},\"articleSection\":[\"Non classifi\u00e9(e)\"],\"inLanguage\":\"fr-FR\"},{\"@type\":\"WebPage\",\"@id\":\"https:\\\/\\\/sandrovanini.ch\\\/fr\\\/ensemble-pour-cevio-et-lavizzara\\\/\",\"url\":\"https:\\\/\\\/sandrovanini.ch\\\/fr\\\/ensemble-pour-cevio-et-lavizzara\\\/\",\"name\":\"Ensemble pour Cevio et Lavizzara - Sandro Vanini SA\",\"isPartOf\":{\"@id\":\"https:\\\/\\\/sandrovanini.ch\\\/#website\"},\"datePublished\":\"2025-07-08T08:54:12+00:00\",\"breadcrumb\":{\"@id\":\"https:\\\/\\\/sandrovanini.ch\\\/fr\\\/ensemble-pour-cevio-et-lavizzara\\\/#breadcrumb\"},\"inLanguage\":\"fr-FR\",\"potentialAction\":[{\"@type\":\"ReadAction\",\"target\":[\"https:\\\/\\\/sandrovanini.ch\\\/fr\\\/ensemble-pour-cevio-et-lavizzara\\\/\"]}]},{\"@type\":\"BreadcrumbList\",\"@id\":\"https:\\\/\\\/sandrovanini.ch\\\/fr\\\/ensemble-pour-cevio-et-lavizzara\\\/#breadcrumb\",\"itemListElement\":[{\"@type\":\"ListItem\",\"position\":1,\"name\":\"Home\",\"item\":\"https:\\\/\\\/sandrovanini.ch\\\/fr\\\/\"},{\"@type\":\"ListItem\",\"position\":2,\"name\":\"Ensemble pour Cevio et Lavizzara\"}]},{\"@type\":\"WebSite\",\"@id\":\"https:\\\/\\\/sandrovanini.ch\\\/#website\",\"url\":\"https:\\\/\\\/sandrovanini.ch\\\/\",\"name\":\"Sandro Vanini SA\",\"description\":\"Delizie da vivere\",\"publisher\":{\"@id\":\"https:\\\/\\\/sandrovanini.ch\\\/#organization\"},\"potentialAction\":[{\"@type\":\"SearchAction\",\"target\":{\"@type\":\"EntryPoint\",\"urlTemplate\":\"https:\\\/\\\/sandrovanini.ch\\\/?s={search_term_string}\"},\"query-input\":{\"@type\":\"PropertyValueSpecification\",\"valueRequired\":true,\"valueName\":\"search_term_string\"}}],\"inLanguage\":\"fr-FR\"},{\"@type\":\"Organization\",\"@id\":\"https:\\\/\\\/sandrovanini.ch\\\/#organization\",\"name\":\"Sandro Vanini SA\",\"url\":\"https:\\\/\\\/sandrovanini.ch\\\/\",\"logo\":{\"@type\":\"ImageObject\",\"inLanguage\":\"fr-FR\",\"@id\":\"https:\\\/\\\/sandrovanini.ch\\\/#\\\/schema\\\/logo\\\/image\\\/\",\"url\":\"https:\\\/\\\/sandrovanini.ch\\\/vaniniwpsite\\\/wp-content\\\/uploads\\\/SANDRO-VANINI-LOGO-2021.png\",\"contentUrl\":\"https:\\\/\\\/sandrovanini.ch\\\/vaniniwpsite\\\/wp-content\\\/uploads\\\/SANDRO-VANINI-LOGO-2021.png\",\"width\":300,\"height\":129,\"caption\":\"Sandro Vanini SA\"},\"image\":{\"@id\":\"https:\\\/\\\/sandrovanini.ch\\\/#\\\/schema\\\/logo\\\/image\\\/\"}},{\"@type\":\"Person\",\"@id\":\"https:\\\/\\\/sandrovanini.ch\\\/#\\\/schema\\\/person\\\/572677f1677d5cafa064b09e8d3f0bb3\",\"name\":\"Stefan.Furrer\",\"image\":{\"@type\":\"ImageObject\",\"inLanguage\":\"fr-FR\",\"@id\":\"https:\\\/\\\/secure.gravatar.com\\\/avatar\\\/6b413f9777693d603979a042c24249b8bcc22ef16e52806a2976511e9318d51a?s=96&d=mm&r=g\",\"url\":\"https:\\\/\\\/secure.gravatar.com\\\/avatar\\\/6b413f9777693d603979a042c24249b8bcc22ef16e52806a2976511e9318d51a?s=96&d=mm&r=g\",\"contentUrl\":\"https:\\\/\\\/secure.gravatar.com\\\/avatar\\\/6b413f9777693d603979a042c24249b8bcc22ef16e52806a2976511e9318d51a?s=96&d=mm&r=g\",\"caption\":\"Stefan.Furrer\"}}]}<\/script>\n<!-- \/ Yoast SEO plugin. -->","yoast_head_json":{"title":"Ensemble pour Cevio et Lavizzara - Sandro Vanini SA","robots":{"index":"index","follow":"follow","max-snippet":"max-snippet:-1","max-image-preview":"max-image-preview:large","max-video-preview":"max-video-preview:-1"},"canonical":"https:\/\/sandrovanini.ch\/fr\/ensemble-pour-cevio-et-lavizzara\/","og_locale":"fr_FR","og_type":"article","og_title":"Ensemble pour Cevio et Lavizzara - Sandro Vanini SA","og_description":"La solidarit\u00e9 est une valeur profond\u00e9ment ancr\u00e9e en Suisse.Nous avons \u00e9t\u00e9 heureux, en tant qu\u2019entreprise, de participer \u00e0 l\u2019initiative de l\u2019AITI et de...","og_url":"https:\/\/sandrovanini.ch\/fr\/ensemble-pour-cevio-et-lavizzara\/","og_site_name":"Sandro Vanini SA","article_published_time":"2025-07-08T08:54:12+00:00","author":"Stefan.Furrer","twitter_card":"summary_large_image","twitter_misc":{"\u00c9crit par":"Stefan.Furrer"},"schema":{"@context":"https:\/\/schema.org","@graph":[{"@type":"Article","@id":"https:\/\/sandrovanini.ch\/fr\/ensemble-pour-cevio-et-lavizzara\/#article","isPartOf":{"@id":"https:\/\/sandrovanini.ch\/fr\/ensemble-pour-cevio-et-lavizzara\/"},"author":{"name":"Stefan.Furrer","@id":"https:\/\/sandrovanini.ch\/#\/schema\/person\/572677f1677d5cafa064b09e8d3f0bb3"},"headline":"Ensemble pour Cevio et Lavizzara","datePublished":"2025-07-08T08:54:12+00:00","mainEntityOfPage":{"@id":"https:\/\/sandrovanini.ch\/fr\/ensemble-pour-cevio-et-lavizzara\/"},"wordCount":79,"publisher":{"@id":"https:\/\/sandrovanini.ch\/#organization"},"articleSection":["Non classifi\u00e9(e)"],"inLanguage":"fr-FR"},{"@type":"WebPage","@id":"https:\/\/sandrovanini.ch\/fr\/ensemble-pour-cevio-et-lavizzara\/","url":"https:\/\/sandrovanini.ch\/fr\/ensemble-pour-cevio-et-lavizzara\/","name":"Ensemble pour Cevio et Lavizzara - Sandro Vanini SA","isPartOf":{"@id":"https:\/\/sandrovanini.ch\/#website"},"datePublished":"2025-07-08T08:54:12+00:00","breadcrumb":{"@id":"https:\/\/sandrovanini.ch\/fr\/ensemble-pour-cevio-et-lavizzara\/#breadcrumb"},"inLanguage":"fr-FR","potentialAction":[{"@type":"ReadAction","target":["https:\/\/sandrovanini.ch\/fr\/ensemble-pour-cevio-et-lavizzara\/"]}]},{"@type":"BreadcrumbList","@id":"https:\/\/sandrovanini.ch\/fr\/ensemble-pour-cevio-et-lavizzara\/#breadcrumb","itemListElement":[{"@type":"ListItem","position":1,"name":"Home","item":"https:\/\/sandrovanini.ch\/fr\/"},{"@type":"ListItem","position":2,"name":"Ensemble pour Cevio et Lavizzara"}]},{"@type":"WebSite","@id":"https:\/\/sandrovanini.ch\/#website","url":"https:\/\/sandrovanini.ch\/","name":"Sandro Vanini SA","description":"Delizie da vivere","publisher":{"@id":"https:\/\/sandrovanini.ch\/#organization"},"potentialAction":[{"@type":"SearchAction","target":{"@type":"EntryPoint","urlTemplate":"https:\/\/sandrovanini.ch\/?s={search_term_string}"},"query-input":{"@type":"PropertyValueSpecification","valueRequired":true,"valueName":"search_term_string"}}],"inLanguage":"fr-FR"},{"@type":"Organization","@id":"https:\/\/sandrovanini.ch\/#organization","name":"Sandro Vanini SA","url":"https:\/\/sandrovanini.ch\/","logo":{"@type":"ImageObject","inLanguage":"fr-FR","@id":"https:\/\/sandrovanini.ch\/#\/schema\/logo\/image\/","url":"https:\/\/sandrovanini.ch\/vaniniwpsite\/wp-content\/uploads\/SANDRO-VANINI-LOGO-2021.png","contentUrl":"https:\/\/sandrovanini.ch\/vaniniwpsite\/wp-content\/uploads\/SANDRO-VANINI-LOGO-2021.png","width":300,"height":129,"caption":"Sandro Vanini SA"},"image":{"@id":"https:\/\/sandrovanini.ch\/#\/schema\/logo\/image\/"}},{"@type":"Person","@id":"https:\/\/sandrovanini.ch\/#\/schema\/person\/572677f1677d5cafa064b09e8d3f0bb3","name":"Stefan.Furrer","image":{"@type":"ImageObject","inLanguage":"fr-FR","@id":"https:\/\/secure.gravatar.com\/avatar\/6b413f9777693d603979a042c24249b8bcc22ef16e52806a2976511e9318d51a?s=96&d=mm&r=g","url":"https:\/\/secure.gravatar.com\/avatar\/6b413f9777693d603979a042c24249b8bcc22ef16e52806a2976511e9318d51a?s=96&d=mm&r=g","contentUrl":"https:\/\/secure.gravatar.com\/avatar\/6b413f9777693d603979a042c24249b8bcc22ef16e52806a2976511e9318d51a?s=96&d=mm&r=g","caption":"Stefan.Furrer"}}]}},"_links":{"self":[{"href":"https:\/\/sandrovanini.ch\/fr\/wp-json\/wp\/v2\/posts\/9378","targetHints":{"allow":["GET"]}}],"collection":[{"href":"https:\/\/sandrovanini.ch\/fr\/wp-json\/wp\/v2\/posts"}],"about":[{"href":"https:\/\/sandrovanini.ch\/fr\/wp-json\/wp\/v2\/types\/post"}],"author":[{"embeddable":true,"href":"https:\/\/sandrovanini.ch\/fr\/wp-json\/wp\/v2\/users\/12"}],"replies":[{"embeddable":true,"href":"https:\/\/sandrovanini.ch\/fr\/wp-json\/wp\/v2\/comments?post=9378"}],"version-history":[{"count":1,"href":"https:\/\/sandrovanini.ch\/fr\/wp-json\/wp\/v2\/posts\/9378\/revisions"}],"predecessor-version":[{"id":9379,"href":"https:\/\/sandrovanini.ch\/fr\/wp-json\/wp\/v2\/posts\/9378\/revisions\/9379"}],"wp:attachment":[{"href":"https:\/\/sandrovanini.ch\/fr\/wp-json\/wp\/v2\/media?parent=9378"}],"wp:term":[{"taxonomy":"category","embeddable":true,"href":"https:\/\/sandrovanini.ch\/fr\/wp-json\/wp\/v2\/categories?post=9378"},{"taxonomy":"post_tag","embeddable":true,"href":"https:\/\/sandrovanini.ch\/fr\/wp-json\/wp\/v2\/tags?post=9378"}],"curies":[{"name":"wp","href":"https:\/\/api.w.org\/{rel}","templated":true}]}}