{"id":9351,"date":"2025-07-08T09:02:49","date_gmt":"2025-07-08T07:02:49","guid":{"rendered":"https:\/\/sandrovanini.ch\/?p=9351"},"modified":"2025-07-08T10:39:12","modified_gmt":"2025-07-08T08:39:12","slug":"sandro-vanini-a-lhonneur-dans-top-suisse-sur-rsi","status":"publish","type":"post","link":"https:\/\/sandrovanini.ch\/fr\/sandro-vanini-a-lhonneur-dans-top-suisse-sur-rsi\/","title":{"rendered":"Sandro Vanini \u00e0 l&rsquo;honneur dans \u00ab Top Suisse \u00bb sur RSI"},"content":{"rendered":"<p data-start=\"883\" data-end=\"1002\"><img loading=\"lazy\" decoding=\"async\" class=\"alignnone size-medium wp-image-9358\" src=\"https:\/\/sandrovanini.ch\/vaniniwpsite\/wp-content\/uploads\/topsuisse-1-300x169.png\" alt=\"\" width=\"300\" height=\"169\" srcset=\"https:\/\/sandrovanini.ch\/vaniniwpsite\/wp-content\/uploads\/topsuisse-1-300x169.png 300w, https:\/\/sandrovanini.ch\/vaniniwpsite\/wp-content\/uploads\/topsuisse-1-1024x576.png 1024w, https:\/\/sandrovanini.ch\/vaniniwpsite\/wp-content\/uploads\/topsuisse-1-768x432.png 768w, https:\/\/sandrovanini.ch\/vaniniwpsite\/wp-content\/uploads\/topsuisse-1-700x394.png 700w, https:\/\/sandrovanini.ch\/vaniniwpsite\/wp-content\/uploads\/topsuisse-1-539x303.png 539w, https:\/\/sandrovanini.ch\/vaniniwpsite\/wp-content\/uploads\/topsuisse-1-600x338.png 600w, https:\/\/sandrovanini.ch\/vaniniwpsite\/wp-content\/uploads\/topsuisse-1.png 1408w\" sizes=\"auto, (max-width: 300px) 100vw, 300px\" \/><\/p>\n<p data-start=\"883\" data-end=\"1002\">Nous sommes fiers de faire partie de la s\u00e9rie <strong data-start=\"929\" data-end=\"947\">\u00ab Top Suisse \u00bb<\/strong>, produite par la <strong data-start=\"965\" data-end=\"1000\">RSI \u2013 Radiotelevisione svizzera<\/strong> !<\/p>\n<p data-start=\"1004\" data-end=\"1224\">Dans cette \u00e9mission captivante, le journaliste <strong data-start=\"1051\" data-end=\"1071\">Davide Gagliardi<\/strong> et le vid\u00e9aste <strong data-start=\"1087\" data-end=\"1104\">Marco Bitonti<\/strong> parcourent la Suisse pour mettre en lumi\u00e8re des entreprises locales, leur savoir-faire, leur personnel et leur passion.<\/p>\n<p data-start=\"1226\" data-end=\"1491\"><strong data-start=\"1226\" data-end=\"1246\">Sandro Vanini SA<\/strong> a ouvert les portes de son site de Rivera pour partager un aper\u00e7u exclusif de la production artisanale de ses sp\u00e9cialit\u00e9s de marrons et de fruits. Ce reportage refl\u00e8te notre engagement envers la qualit\u00e9, la tradition et l&rsquo;excellence artisanale.<\/p>\n<p data-start=\"1493\" data-end=\"1537\">\ud83c\udfa5 <strong data-start=\"1496\" data-end=\"1517\">Voir la vid\u00e9o ici<\/strong> :\u00a0<a href=\"https:\/\/www.rsi.ch\/play\/tv\/-\/video\/-?urn=urn:rsi:video:2933442\">https:\/\/www.rsi.ch\/play\/tv\/-\/video\/-?urn=urn:rsi:video:2933442<\/a><\/p>\n<p data-start=\"1493\" data-end=\"1537\"><strong data-start=\"2214\" data-end=\"2237\">version audio ici: <a href=\"https:\/\/rsi.ch\/s\/2261892\">https:\/\/rsi.ch\/s\/2261892<\/a><\/strong><\/p>\n","protected":false},"excerpt":{"rendered":"<p>Nous sommes fiers de faire partie de la s\u00e9rie \u00ab Top Suisse \u00bb, produite par la RSI \u2013 Radiotelevisione svizzera ! Dans cette&#8230;<\/p>\n","protected":false},"author":12,"featured_media":0,"comment_status":"closed","ping_status":"open","sticky":false,"template":"","format":"standard","meta":{"_acf_changed":false,"footnotes":""},"categories":[26],"tags":[],"class_list":["post-9351","post","type-post","status-publish","format-standard","hentry","category-non-classifiee"],"acf":[],"yoast_head":"<!-- This site is optimized with the Yoast SEO plugin v27.3 - https:\/\/yoast.com\/product\/yoast-seo-wordpress\/ -->\n<title>Sandro Vanini \u00e0 l&#039;honneur dans \u00ab Top Suisse \u00bb sur RSI - Sandro Vanini SA<\/title>\n<meta name=\"robots\" content=\"index, follow, max-snippet:-1, max-image-preview:large, max-video-preview:-1\" \/>\n<link rel=\"canonical\" href=\"https:\/\/sandrovanini.ch\/fr\/sandro-vanini-a-lhonneur-dans-top-suisse-sur-rsi\/\" \/>\n<meta property=\"og:locale\" content=\"fr_FR\" \/>\n<meta property=\"og:type\" content=\"article\" \/>\n<meta property=\"og:title\" content=\"Sandro Vanini \u00e0 l&#039;honneur dans \u00ab Top Suisse \u00bb sur RSI - Sandro Vanini SA\" \/>\n<meta property=\"og:description\" content=\"Nous sommes fiers de faire partie de la s\u00e9rie \u00ab Top Suisse \u00bb, produite par la RSI \u2013 Radiotelevisione svizzera ! Dans cette...\" \/>\n<meta property=\"og:url\" content=\"https:\/\/sandrovanini.ch\/fr\/sandro-vanini-a-lhonneur-dans-top-suisse-sur-rsi\/\" \/>\n<meta property=\"og:site_name\" content=\"Sandro Vanini SA\" \/>\n<meta property=\"article:published_time\" content=\"2025-07-08T07:02:49+00:00\" \/>\n<meta property=\"article:modified_time\" content=\"2025-07-08T08:39:12+00:00\" \/>\n<meta property=\"og:image\" content=\"https:\/\/sandrovanini.ch\/vaniniwpsite\/wp-content\/uploads\/topsuisse-1.png\" \/>\n\t<meta property=\"og:image:width\" content=\"1408\" \/>\n\t<meta property=\"og:image:height\" content=\"792\" \/>\n\t<meta property=\"og:image:type\" content=\"image\/png\" \/>\n<meta name=\"author\" content=\"Stefan.Furrer\" \/>\n<meta name=\"twitter:card\" content=\"summary_large_image\" \/>\n<meta name=\"twitter:label1\" content=\"\u00c9crit par\" \/>\n\t<meta name=\"twitter:data1\" content=\"Stefan.Furrer\" \/>\n\t<meta name=\"twitter:label2\" content=\"Dur\u00e9e de lecture estim\u00e9e\" \/>\n\t<meta name=\"twitter:data2\" content=\"1 minute\" \/>\n<script type=\"application\/ld+json\" class=\"yoast-schema-graph\">{\"@context\":\"https:\\\/\\\/schema.org\",\"@graph\":[{\"@type\":\"Article\",\"@id\":\"https:\\\/\\\/sandrovanini.ch\\\/fr\\\/sandro-vanini-a-lhonneur-dans-top-suisse-sur-rsi\\\/#article\",\"isPartOf\":{\"@id\":\"https:\\\/\\\/sandrovanini.ch\\\/fr\\\/sandro-vanini-a-lhonneur-dans-top-suisse-sur-rsi\\\/\"},\"author\":{\"name\":\"Stefan.Furrer\",\"@id\":\"https:\\\/\\\/sandrovanini.ch\\\/#\\\/schema\\\/person\\\/572677f1677d5cafa064b09e8d3f0bb3\"},\"headline\":\"Sandro Vanini \u00e0 l&rsquo;honneur dans \u00ab Top Suisse \u00bb sur RSI\",\"datePublished\":\"2025-07-08T07:02:49+00:00\",\"dateModified\":\"2025-07-08T08:39:12+00:00\",\"mainEntityOfPage\":{\"@id\":\"https:\\\/\\\/sandrovanini.ch\\\/fr\\\/sandro-vanini-a-lhonneur-dans-top-suisse-sur-rsi\\\/\"},\"wordCount\":131,\"publisher\":{\"@id\":\"https:\\\/\\\/sandrovanini.ch\\\/#organization\"},\"image\":{\"@id\":\"https:\\\/\\\/sandrovanini.ch\\\/fr\\\/sandro-vanini-a-lhonneur-dans-top-suisse-sur-rsi\\\/#primaryimage\"},\"thumbnailUrl\":\"https:\\\/\\\/sandrovanini.ch\\\/vaniniwpsite\\\/wp-content\\\/uploads\\\/topsuisse-1-300x169.png\",\"articleSection\":[\"Non classifi\u00e9(e)\"],\"inLanguage\":\"fr-FR\"},{\"@type\":\"WebPage\",\"@id\":\"https:\\\/\\\/sandrovanini.ch\\\/fr\\\/sandro-vanini-a-lhonneur-dans-top-suisse-sur-rsi\\\/\",\"url\":\"https:\\\/\\\/sandrovanini.ch\\\/fr\\\/sandro-vanini-a-lhonneur-dans-top-suisse-sur-rsi\\\/\",\"name\":\"Sandro Vanini \u00e0 l'honneur dans \u00ab Top Suisse \u00bb sur RSI - Sandro Vanini SA\",\"isPartOf\":{\"@id\":\"https:\\\/\\\/sandrovanini.ch\\\/#website\"},\"primaryImageOfPage\":{\"@id\":\"https:\\\/\\\/sandrovanini.ch\\\/fr\\\/sandro-vanini-a-lhonneur-dans-top-suisse-sur-rsi\\\/#primaryimage\"},\"image\":{\"@id\":\"https:\\\/\\\/sandrovanini.ch\\\/fr\\\/sandro-vanini-a-lhonneur-dans-top-suisse-sur-rsi\\\/#primaryimage\"},\"thumbnailUrl\":\"https:\\\/\\\/sandrovanini.ch\\\/vaniniwpsite\\\/wp-content\\\/uploads\\\/topsuisse-1-300x169.png\",\"datePublished\":\"2025-07-08T07:02:49+00:00\",\"dateModified\":\"2025-07-08T08:39:12+00:00\",\"breadcrumb\":{\"@id\":\"https:\\\/\\\/sandrovanini.ch\\\/fr\\\/sandro-vanini-a-lhonneur-dans-top-suisse-sur-rsi\\\/#breadcrumb\"},\"inLanguage\":\"fr-FR\",\"potentialAction\":[{\"@type\":\"ReadAction\",\"target\":[\"https:\\\/\\\/sandrovanini.ch\\\/fr\\\/sandro-vanini-a-lhonneur-dans-top-suisse-sur-rsi\\\/\"]}]},{\"@type\":\"ImageObject\",\"inLanguage\":\"fr-FR\",\"@id\":\"https:\\\/\\\/sandrovanini.ch\\\/fr\\\/sandro-vanini-a-lhonneur-dans-top-suisse-sur-rsi\\\/#primaryimage\",\"url\":\"https:\\\/\\\/sandrovanini.ch\\\/vaniniwpsite\\\/wp-content\\\/uploads\\\/topsuisse-1-300x169.png\",\"contentUrl\":\"https:\\\/\\\/sandrovanini.ch\\\/vaniniwpsite\\\/wp-content\\\/uploads\\\/topsuisse-1-300x169.png\"},{\"@type\":\"BreadcrumbList\",\"@id\":\"https:\\\/\\\/sandrovanini.ch\\\/fr\\\/sandro-vanini-a-lhonneur-dans-top-suisse-sur-rsi\\\/#breadcrumb\",\"itemListElement\":[{\"@type\":\"ListItem\",\"position\":1,\"name\":\"Home\",\"item\":\"https:\\\/\\\/sandrovanini.ch\\\/fr\\\/\"},{\"@type\":\"ListItem\",\"position\":2,\"name\":\"Sandro Vanini \u00e0 l&#8217;honneur dans \u00ab Top Suisse \u00bb sur RSI\"}]},{\"@type\":\"WebSite\",\"@id\":\"https:\\\/\\\/sandrovanini.ch\\\/#website\",\"url\":\"https:\\\/\\\/sandrovanini.ch\\\/\",\"name\":\"Sandro Vanini SA\",\"description\":\"Delizie da vivere\",\"publisher\":{\"@id\":\"https:\\\/\\\/sandrovanini.ch\\\/#organization\"},\"potentialAction\":[{\"@type\":\"SearchAction\",\"target\":{\"@type\":\"EntryPoint\",\"urlTemplate\":\"https:\\\/\\\/sandrovanini.ch\\\/?s={search_term_string}\"},\"query-input\":{\"@type\":\"PropertyValueSpecification\",\"valueRequired\":true,\"valueName\":\"search_term_string\"}}],\"inLanguage\":\"fr-FR\"},{\"@type\":\"Organization\",\"@id\":\"https:\\\/\\\/sandrovanini.ch\\\/#organization\",\"name\":\"Sandro Vanini SA\",\"url\":\"https:\\\/\\\/sandrovanini.ch\\\/\",\"logo\":{\"@type\":\"ImageObject\",\"inLanguage\":\"fr-FR\",\"@id\":\"https:\\\/\\\/sandrovanini.ch\\\/#\\\/schema\\\/logo\\\/image\\\/\",\"url\":\"https:\\\/\\\/sandrovanini.ch\\\/vaniniwpsite\\\/wp-content\\\/uploads\\\/SANDRO-VANINI-LOGO-2021.png\",\"contentUrl\":\"https:\\\/\\\/sandrovanini.ch\\\/vaniniwpsite\\\/wp-content\\\/uploads\\\/SANDRO-VANINI-LOGO-2021.png\",\"width\":300,\"height\":129,\"caption\":\"Sandro Vanini SA\"},\"image\":{\"@id\":\"https:\\\/\\\/sandrovanini.ch\\\/#\\\/schema\\\/logo\\\/image\\\/\"}},{\"@type\":\"Person\",\"@id\":\"https:\\\/\\\/sandrovanini.ch\\\/#\\\/schema\\\/person\\\/572677f1677d5cafa064b09e8d3f0bb3\",\"name\":\"Stefan.Furrer\",\"image\":{\"@type\":\"ImageObject\",\"inLanguage\":\"fr-FR\",\"@id\":\"https:\\\/\\\/secure.gravatar.com\\\/avatar\\\/6b413f9777693d603979a042c24249b8bcc22ef16e52806a2976511e9318d51a?s=96&d=mm&r=g\",\"url\":\"https:\\\/\\\/secure.gravatar.com\\\/avatar\\\/6b413f9777693d603979a042c24249b8bcc22ef16e52806a2976511e9318d51a?s=96&d=mm&r=g\",\"contentUrl\":\"https:\\\/\\\/secure.gravatar.com\\\/avatar\\\/6b413f9777693d603979a042c24249b8bcc22ef16e52806a2976511e9318d51a?s=96&d=mm&r=g\",\"caption\":\"Stefan.Furrer\"}}]}<\/script>\n<!-- \/ Yoast SEO plugin. -->","yoast_head_json":{"title":"Sandro Vanini \u00e0 l'honneur dans \u00ab Top Suisse \u00bb sur RSI - Sandro Vanini SA","robots":{"index":"index","follow":"follow","max-snippet":"max-snippet:-1","max-image-preview":"max-image-preview:large","max-video-preview":"max-video-preview:-1"},"canonical":"https:\/\/sandrovanini.ch\/fr\/sandro-vanini-a-lhonneur-dans-top-suisse-sur-rsi\/","og_locale":"fr_FR","og_type":"article","og_title":"Sandro Vanini \u00e0 l'honneur dans \u00ab Top Suisse \u00bb sur RSI - Sandro Vanini SA","og_description":"Nous sommes fiers de faire partie de la s\u00e9rie \u00ab Top Suisse \u00bb, produite par la RSI \u2013 Radiotelevisione svizzera ! Dans cette...","og_url":"https:\/\/sandrovanini.ch\/fr\/sandro-vanini-a-lhonneur-dans-top-suisse-sur-rsi\/","og_site_name":"Sandro Vanini SA","article_published_time":"2025-07-08T07:02:49+00:00","article_modified_time":"2025-07-08T08:39:12+00:00","og_image":[{"width":1408,"height":792,"url":"https:\/\/sandrovanini.ch\/vaniniwpsite\/wp-content\/uploads\/topsuisse-1.png","type":"image\/png"}],"author":"Stefan.Furrer","twitter_card":"summary_large_image","twitter_misc":{"\u00c9crit par":"Stefan.Furrer","Dur\u00e9e de lecture estim\u00e9e":"1 minute"},"schema":{"@context":"https:\/\/schema.org","@graph":[{"@type":"Article","@id":"https:\/\/sandrovanini.ch\/fr\/sandro-vanini-a-lhonneur-dans-top-suisse-sur-rsi\/#article","isPartOf":{"@id":"https:\/\/sandrovanini.ch\/fr\/sandro-vanini-a-lhonneur-dans-top-suisse-sur-rsi\/"},"author":{"name":"Stefan.Furrer","@id":"https:\/\/sandrovanini.ch\/#\/schema\/person\/572677f1677d5cafa064b09e8d3f0bb3"},"headline":"Sandro Vanini \u00e0 l&rsquo;honneur dans \u00ab Top Suisse \u00bb sur RSI","datePublished":"2025-07-08T07:02:49+00:00","dateModified":"2025-07-08T08:39:12+00:00","mainEntityOfPage":{"@id":"https:\/\/sandrovanini.ch\/fr\/sandro-vanini-a-lhonneur-dans-top-suisse-sur-rsi\/"},"wordCount":131,"publisher":{"@id":"https:\/\/sandrovanini.ch\/#organization"},"image":{"@id":"https:\/\/sandrovanini.ch\/fr\/sandro-vanini-a-lhonneur-dans-top-suisse-sur-rsi\/#primaryimage"},"thumbnailUrl":"https:\/\/sandrovanini.ch\/vaniniwpsite\/wp-content\/uploads\/topsuisse-1-300x169.png","articleSection":["Non classifi\u00e9(e)"],"inLanguage":"fr-FR"},{"@type":"WebPage","@id":"https:\/\/sandrovanini.ch\/fr\/sandro-vanini-a-lhonneur-dans-top-suisse-sur-rsi\/","url":"https:\/\/sandrovanini.ch\/fr\/sandro-vanini-a-lhonneur-dans-top-suisse-sur-rsi\/","name":"Sandro Vanini \u00e0 l'honneur dans \u00ab Top Suisse \u00bb sur RSI - Sandro Vanini SA","isPartOf":{"@id":"https:\/\/sandrovanini.ch\/#website"},"primaryImageOfPage":{"@id":"https:\/\/sandrovanini.ch\/fr\/sandro-vanini-a-lhonneur-dans-top-suisse-sur-rsi\/#primaryimage"},"image":{"@id":"https:\/\/sandrovanini.ch\/fr\/sandro-vanini-a-lhonneur-dans-top-suisse-sur-rsi\/#primaryimage"},"thumbnailUrl":"https:\/\/sandrovanini.ch\/vaniniwpsite\/wp-content\/uploads\/topsuisse-1-300x169.png","datePublished":"2025-07-08T07:02:49+00:00","dateModified":"2025-07-08T08:39:12+00:00","breadcrumb":{"@id":"https:\/\/sandrovanini.ch\/fr\/sandro-vanini-a-lhonneur-dans-top-suisse-sur-rsi\/#breadcrumb"},"inLanguage":"fr-FR","potentialAction":[{"@type":"ReadAction","target":["https:\/\/sandrovanini.ch\/fr\/sandro-vanini-a-lhonneur-dans-top-suisse-sur-rsi\/"]}]},{"@type":"ImageObject","inLanguage":"fr-FR","@id":"https:\/\/sandrovanini.ch\/fr\/sandro-vanini-a-lhonneur-dans-top-suisse-sur-rsi\/#primaryimage","url":"https:\/\/sandrovanini.ch\/vaniniwpsite\/wp-content\/uploads\/topsuisse-1-300x169.png","contentUrl":"https:\/\/sandrovanini.ch\/vaniniwpsite\/wp-content\/uploads\/topsuisse-1-300x169.png"},{"@type":"BreadcrumbList","@id":"https:\/\/sandrovanini.ch\/fr\/sandro-vanini-a-lhonneur-dans-top-suisse-sur-rsi\/#breadcrumb","itemListElement":[{"@type":"ListItem","position":1,"name":"Home","item":"https:\/\/sandrovanini.ch\/fr\/"},{"@type":"ListItem","position":2,"name":"Sandro Vanini \u00e0 l&#8217;honneur dans \u00ab Top Suisse \u00bb sur RSI"}]},{"@type":"WebSite","@id":"https:\/\/sandrovanini.ch\/#website","url":"https:\/\/sandrovanini.ch\/","name":"Sandro Vanini SA","description":"Delizie da vivere","publisher":{"@id":"https:\/\/sandrovanini.ch\/#organization"},"potentialAction":[{"@type":"SearchAction","target":{"@type":"EntryPoint","urlTemplate":"https:\/\/sandrovanini.ch\/?s={search_term_string}"},"query-input":{"@type":"PropertyValueSpecification","valueRequired":true,"valueName":"search_term_string"}}],"inLanguage":"fr-FR"},{"@type":"Organization","@id":"https:\/\/sandrovanini.ch\/#organization","name":"Sandro Vanini SA","url":"https:\/\/sandrovanini.ch\/","logo":{"@type":"ImageObject","inLanguage":"fr-FR","@id":"https:\/\/sandrovanini.ch\/#\/schema\/logo\/image\/","url":"https:\/\/sandrovanini.ch\/vaniniwpsite\/wp-content\/uploads\/SANDRO-VANINI-LOGO-2021.png","contentUrl":"https:\/\/sandrovanini.ch\/vaniniwpsite\/wp-content\/uploads\/SANDRO-VANINI-LOGO-2021.png","width":300,"height":129,"caption":"Sandro Vanini SA"},"image":{"@id":"https:\/\/sandrovanini.ch\/#\/schema\/logo\/image\/"}},{"@type":"Person","@id":"https:\/\/sandrovanini.ch\/#\/schema\/person\/572677f1677d5cafa064b09e8d3f0bb3","name":"Stefan.Furrer","image":{"@type":"ImageObject","inLanguage":"fr-FR","@id":"https:\/\/secure.gravatar.com\/avatar\/6b413f9777693d603979a042c24249b8bcc22ef16e52806a2976511e9318d51a?s=96&d=mm&r=g","url":"https:\/\/secure.gravatar.com\/avatar\/6b413f9777693d603979a042c24249b8bcc22ef16e52806a2976511e9318d51a?s=96&d=mm&r=g","contentUrl":"https:\/\/secure.gravatar.com\/avatar\/6b413f9777693d603979a042c24249b8bcc22ef16e52806a2976511e9318d51a?s=96&d=mm&r=g","caption":"Stefan.Furrer"}}]}},"_links":{"self":[{"href":"https:\/\/sandrovanini.ch\/fr\/wp-json\/wp\/v2\/posts\/9351","targetHints":{"allow":["GET"]}}],"collection":[{"href":"https:\/\/sandrovanini.ch\/fr\/wp-json\/wp\/v2\/posts"}],"about":[{"href":"https:\/\/sandrovanini.ch\/fr\/wp-json\/wp\/v2\/types\/post"}],"author":[{"embeddable":true,"href":"https:\/\/sandrovanini.ch\/fr\/wp-json\/wp\/v2\/users\/12"}],"replies":[{"embeddable":true,"href":"https:\/\/sandrovanini.ch\/fr\/wp-json\/wp\/v2\/comments?post=9351"}],"version-history":[{"count":2,"href":"https:\/\/sandrovanini.ch\/fr\/wp-json\/wp\/v2\/posts\/9351\/revisions"}],"predecessor-version":[{"id":9364,"href":"https:\/\/sandrovanini.ch\/fr\/wp-json\/wp\/v2\/posts\/9351\/revisions\/9364"}],"wp:attachment":[{"href":"https:\/\/sandrovanini.ch\/fr\/wp-json\/wp\/v2\/media?parent=9351"}],"wp:term":[{"taxonomy":"category","embeddable":true,"href":"https:\/\/sandrovanini.ch\/fr\/wp-json\/wp\/v2\/categories?post=9351"},{"taxonomy":"post_tag","embeddable":true,"href":"https:\/\/sandrovanini.ch\/fr\/wp-json\/wp\/v2\/tags?post=9351"}],"curies":[{"name":"wp","href":"https:\/\/api.w.org\/{rel}","templated":true}]}}