{"id":3721,"date":"2021-09-22T09:05:37","date_gmt":"2021-09-22T07:05:37","guid":{"rendered":"https:\/\/sandrovanini.ch\/vaniniwpsite\/castagnamo-valorizzazione-e-promozione-raccolta-2021\/"},"modified":"2021-10-21T10:35:59","modified_gmt":"2021-10-21T08:35:59","slug":"debut-de-la-recolte-des-chataignes-2021","status":"publish","type":"post","link":"https:\/\/sandrovanini.ch\/fr\/debut-de-la-recolte-des-chataignes-2021\/","title":{"rendered":"D\u00e9but de la r\u00e9colte des ch\u00e2taignes 2021"},"content":{"rendered":"<p>Du lundi 27 septembre au mercredi 3 novembre, il sera possible de livrer les fruits dans quatre centres r\u00e9gionaux: un concours a \u00e9t\u00e9 lanc\u00e9 qui permettra \u00e0 ceux qui s&rsquo;annonceront aux centres de collecte de gagner de fantastiques bons COOP d&rsquo;une valeur de chf. 50.&#8211;.<\/p>\n<p>Les centres de livraison sont \u00e0 Cadenazzo, piazzale Fela ; Stabio, entrep\u00f4t Tior\/Foft ; Vezia, soci\u00e9t\u00e9 malombra &#8211; plan Bioggio-Vezia et Biasca, ex Arsenale.<\/p>\n<p>La qualit\u00e9 des ch\u00e2taignes du Tessin est telle que la maison Sandro Vanini SA produit des sp\u00e9cialit\u00e9s alimentaires d\u00e9licieuses et raffin\u00e9es !<\/p>\n<p>Nous conseillons \u00e0 tous de faire une randonn\u00e9e dans les bois, en famille, avec les enfants, les amis, et partager des moments plong\u00e9s dans la nature \u00e0 la d\u00e9couverte (ou red\u00e9couverte) de notre territoire et \u00ab\u00a0aller chercher des ch\u00e2taignes\u00a0\u00bb.<\/p>\n<p>Pour en savoir plus, veuillez cliquer ici: <a href=\"https:\/\/www.reserve.ch\/it\/CASTAGNAMO\">https:\/\/www.reserve.ch\/it\/CASTAGNAMO<\/a><\/p>\n<p>Comunicato stampa: <a href=\"https:\/\/sandrovanini.ch\/vaniniwpsite\/wp-content\/uploads\/T_003779_VAN_CASTAGNAMO_2021_COMUNICATO-STAMPA.pdf\">T_003779_VAN_CASTAGNAMO_2021_COMUNICATO STAMPA<\/a><\/p>\n","protected":false},"excerpt":{"rendered":"<p>Du lundi 27 septembre au mercredi 3 novembre, il sera possible de livrer les fruits dans quatre centres r\u00e9gionaux: un concours a \u00e9t\u00e9&#8230;<\/p>\n","protected":false},"author":2,"featured_media":2169,"comment_status":"open","ping_status":"open","sticky":false,"template":"","format":"standard","meta":{"_acf_changed":false,"footnotes":""},"categories":[117],"tags":[],"class_list":["post-3721","post","type-post","status-publish","format-standard","has-post-thumbnail","hentry","category-news-fr"],"acf":[],"yoast_head":"<!-- This site is optimized with the Yoast SEO plugin v27.3 - https:\/\/yoast.com\/product\/yoast-seo-wordpress\/ -->\n<title>D\u00e9but de la r\u00e9colte des ch\u00e2taignes 2021 - Sandro Vanini SA<\/title>\n<meta name=\"robots\" content=\"index, follow, max-snippet:-1, max-image-preview:large, max-video-preview:-1\" \/>\n<link rel=\"canonical\" href=\"https:\/\/sandrovanini.ch\/fr\/debut-de-la-recolte-des-chataignes-2021\/\" \/>\n<meta property=\"og:locale\" content=\"fr_FR\" \/>\n<meta property=\"og:type\" content=\"article\" \/>\n<meta property=\"og:title\" content=\"D\u00e9but de la r\u00e9colte des ch\u00e2taignes 2021 - Sandro Vanini SA\" \/>\n<meta property=\"og:description\" content=\"Du lundi 27 septembre au mercredi 3 novembre, il sera possible de livrer les fruits dans quatre centres r\u00e9gionaux: un concours a \u00e9t\u00e9...\" \/>\n<meta property=\"og:url\" content=\"https:\/\/sandrovanini.ch\/fr\/debut-de-la-recolte-des-chataignes-2021\/\" \/>\n<meta property=\"og:site_name\" content=\"Sandro Vanini SA\" \/>\n<meta property=\"article:published_time\" content=\"2021-09-22T07:05:37+00:00\" \/>\n<meta property=\"article:modified_time\" content=\"2021-10-21T08:35:59+00:00\" \/>\n<meta property=\"og:image\" content=\"https:\/\/sandrovanini.ch\/vaniniwpsite\/wp-content\/uploads\/Da-sin-Schiesser-Scheggia-Fasana-Bassetti-e-Conedera.jpg\" \/>\n\t<meta property=\"og:image:width\" content=\"800\" \/>\n\t<meta property=\"og:image:height\" content=\"800\" \/>\n\t<meta property=\"og:image:type\" content=\"image\/jpeg\" \/>\n<meta name=\"author\" content=\"Simone\" \/>\n<meta name=\"twitter:card\" content=\"summary_large_image\" \/>\n<meta name=\"twitter:label1\" content=\"\u00c9crit par\" \/>\n\t<meta name=\"twitter:data1\" content=\"Simone\" \/>\n\t<meta name=\"twitter:label2\" content=\"Dur\u00e9e de lecture estim\u00e9e\" \/>\n\t<meta name=\"twitter:data2\" content=\"1 minute\" \/>\n<script type=\"application\/ld+json\" class=\"yoast-schema-graph\">{\"@context\":\"https:\\\/\\\/schema.org\",\"@graph\":[{\"@type\":\"Article\",\"@id\":\"https:\\\/\\\/sandrovanini.ch\\\/fr\\\/debut-de-la-recolte-des-chataignes-2021\\\/#article\",\"isPartOf\":{\"@id\":\"https:\\\/\\\/sandrovanini.ch\\\/fr\\\/debut-de-la-recolte-des-chataignes-2021\\\/\"},\"author\":{\"name\":\"Simone\",\"@id\":\"https:\\\/\\\/sandrovanini.ch\\\/#\\\/schema\\\/person\\\/435dbd0fd53281feeff0d721cf86bbfd\"},\"headline\":\"D\u00e9but de la r\u00e9colte des ch\u00e2taignes 2021\",\"datePublished\":\"2021-09-22T07:05:37+00:00\",\"dateModified\":\"2021-10-21T08:35:59+00:00\",\"mainEntityOfPage\":{\"@id\":\"https:\\\/\\\/sandrovanini.ch\\\/fr\\\/debut-de-la-recolte-des-chataignes-2021\\\/\"},\"wordCount\":166,\"commentCount\":0,\"publisher\":{\"@id\":\"https:\\\/\\\/sandrovanini.ch\\\/#organization\"},\"image\":{\"@id\":\"https:\\\/\\\/sandrovanini.ch\\\/fr\\\/debut-de-la-recolte-des-chataignes-2021\\\/#primaryimage\"},\"thumbnailUrl\":\"https:\\\/\\\/sandrovanini.ch\\\/vaniniwpsite\\\/wp-content\\\/uploads\\\/Da-sin-Schiesser-Scheggia-Fasana-Bassetti-e-Conedera.jpg\",\"articleSection\":[\"News\"],\"inLanguage\":\"fr-FR\",\"potentialAction\":[{\"@type\":\"CommentAction\",\"name\":\"Comment\",\"target\":[\"https:\\\/\\\/sandrovanini.ch\\\/fr\\\/debut-de-la-recolte-des-chataignes-2021\\\/#respond\"]}]},{\"@type\":\"WebPage\",\"@id\":\"https:\\\/\\\/sandrovanini.ch\\\/fr\\\/debut-de-la-recolte-des-chataignes-2021\\\/\",\"url\":\"https:\\\/\\\/sandrovanini.ch\\\/fr\\\/debut-de-la-recolte-des-chataignes-2021\\\/\",\"name\":\"D\u00e9but de la r\u00e9colte des ch\u00e2taignes 2021 - Sandro Vanini SA\",\"isPartOf\":{\"@id\":\"https:\\\/\\\/sandrovanini.ch\\\/#website\"},\"primaryImageOfPage\":{\"@id\":\"https:\\\/\\\/sandrovanini.ch\\\/fr\\\/debut-de-la-recolte-des-chataignes-2021\\\/#primaryimage\"},\"image\":{\"@id\":\"https:\\\/\\\/sandrovanini.ch\\\/fr\\\/debut-de-la-recolte-des-chataignes-2021\\\/#primaryimage\"},\"thumbnailUrl\":\"https:\\\/\\\/sandrovanini.ch\\\/vaniniwpsite\\\/wp-content\\\/uploads\\\/Da-sin-Schiesser-Scheggia-Fasana-Bassetti-e-Conedera.jpg\",\"datePublished\":\"2021-09-22T07:05:37+00:00\",\"dateModified\":\"2021-10-21T08:35:59+00:00\",\"breadcrumb\":{\"@id\":\"https:\\\/\\\/sandrovanini.ch\\\/fr\\\/debut-de-la-recolte-des-chataignes-2021\\\/#breadcrumb\"},\"inLanguage\":\"fr-FR\",\"potentialAction\":[{\"@type\":\"ReadAction\",\"target\":[\"https:\\\/\\\/sandrovanini.ch\\\/fr\\\/debut-de-la-recolte-des-chataignes-2021\\\/\"]}]},{\"@type\":\"ImageObject\",\"inLanguage\":\"fr-FR\",\"@id\":\"https:\\\/\\\/sandrovanini.ch\\\/fr\\\/debut-de-la-recolte-des-chataignes-2021\\\/#primaryimage\",\"url\":\"https:\\\/\\\/sandrovanini.ch\\\/vaniniwpsite\\\/wp-content\\\/uploads\\\/Da-sin-Schiesser-Scheggia-Fasana-Bassetti-e-Conedera.jpg\",\"contentUrl\":\"https:\\\/\\\/sandrovanini.ch\\\/vaniniwpsite\\\/wp-content\\\/uploads\\\/Da-sin-Schiesser-Scheggia-Fasana-Bassetti-e-Conedera.jpg\",\"width\":800,\"height\":800,\"caption\":\"Da-sin-Schiesser-Scheggia-Fasana-Bassetti-e-Conedera\"},{\"@type\":\"BreadcrumbList\",\"@id\":\"https:\\\/\\\/sandrovanini.ch\\\/fr\\\/debut-de-la-recolte-des-chataignes-2021\\\/#breadcrumb\",\"itemListElement\":[{\"@type\":\"ListItem\",\"position\":1,\"name\":\"Home\",\"item\":\"https:\\\/\\\/sandrovanini.ch\\\/fr\\\/\"},{\"@type\":\"ListItem\",\"position\":2,\"name\":\"D\u00e9but de la r\u00e9colte des ch\u00e2taignes 2021\"}]},{\"@type\":\"WebSite\",\"@id\":\"https:\\\/\\\/sandrovanini.ch\\\/#website\",\"url\":\"https:\\\/\\\/sandrovanini.ch\\\/\",\"name\":\"Sandro Vanini SA\",\"description\":\"Delizie da vivere\",\"publisher\":{\"@id\":\"https:\\\/\\\/sandrovanini.ch\\\/#organization\"},\"potentialAction\":[{\"@type\":\"SearchAction\",\"target\":{\"@type\":\"EntryPoint\",\"urlTemplate\":\"https:\\\/\\\/sandrovanini.ch\\\/?s={search_term_string}\"},\"query-input\":{\"@type\":\"PropertyValueSpecification\",\"valueRequired\":true,\"valueName\":\"search_term_string\"}}],\"inLanguage\":\"fr-FR\"},{\"@type\":\"Organization\",\"@id\":\"https:\\\/\\\/sandrovanini.ch\\\/#organization\",\"name\":\"Sandro Vanini SA\",\"url\":\"https:\\\/\\\/sandrovanini.ch\\\/\",\"logo\":{\"@type\":\"ImageObject\",\"inLanguage\":\"fr-FR\",\"@id\":\"https:\\\/\\\/sandrovanini.ch\\\/#\\\/schema\\\/logo\\\/image\\\/\",\"url\":\"https:\\\/\\\/sandrovanini.ch\\\/vaniniwpsite\\\/wp-content\\\/uploads\\\/SANDRO-VANINI-LOGO-2021.png\",\"contentUrl\":\"https:\\\/\\\/sandrovanini.ch\\\/vaniniwpsite\\\/wp-content\\\/uploads\\\/SANDRO-VANINI-LOGO-2021.png\",\"width\":300,\"height\":129,\"caption\":\"Sandro Vanini SA\"},\"image\":{\"@id\":\"https:\\\/\\\/sandrovanini.ch\\\/#\\\/schema\\\/logo\\\/image\\\/\"}},{\"@type\":\"Person\",\"@id\":\"https:\\\/\\\/sandrovanini.ch\\\/#\\\/schema\\\/person\\\/435dbd0fd53281feeff0d721cf86bbfd\",\"name\":\"Simone\",\"image\":{\"@type\":\"ImageObject\",\"inLanguage\":\"fr-FR\",\"@id\":\"https:\\\/\\\/secure.gravatar.com\\\/avatar\\\/edb8bee8119e83899f858559aabc1b13c0757157513f8691d903ae766c183dec?s=96&d=mm&r=g\",\"url\":\"https:\\\/\\\/secure.gravatar.com\\\/avatar\\\/edb8bee8119e83899f858559aabc1b13c0757157513f8691d903ae766c183dec?s=96&d=mm&r=g\",\"contentUrl\":\"https:\\\/\\\/secure.gravatar.com\\\/avatar\\\/edb8bee8119e83899f858559aabc1b13c0757157513f8691d903ae766c183dec?s=96&d=mm&r=g\",\"caption\":\"Simone\"}}]}<\/script>\n<!-- \/ Yoast SEO plugin. -->","yoast_head_json":{"title":"D\u00e9but de la r\u00e9colte des ch\u00e2taignes 2021 - Sandro Vanini SA","robots":{"index":"index","follow":"follow","max-snippet":"max-snippet:-1","max-image-preview":"max-image-preview:large","max-video-preview":"max-video-preview:-1"},"canonical":"https:\/\/sandrovanini.ch\/fr\/debut-de-la-recolte-des-chataignes-2021\/","og_locale":"fr_FR","og_type":"article","og_title":"D\u00e9but de la r\u00e9colte des ch\u00e2taignes 2021 - Sandro Vanini SA","og_description":"Du lundi 27 septembre au mercredi 3 novembre, il sera possible de livrer les fruits dans quatre centres r\u00e9gionaux: un concours a \u00e9t\u00e9...","og_url":"https:\/\/sandrovanini.ch\/fr\/debut-de-la-recolte-des-chataignes-2021\/","og_site_name":"Sandro Vanini SA","article_published_time":"2021-09-22T07:05:37+00:00","article_modified_time":"2021-10-21T08:35:59+00:00","og_image":[{"width":800,"height":800,"url":"https:\/\/sandrovanini.ch\/vaniniwpsite\/wp-content\/uploads\/Da-sin-Schiesser-Scheggia-Fasana-Bassetti-e-Conedera.jpg","type":"image\/jpeg"}],"author":"Simone","twitter_card":"summary_large_image","twitter_misc":{"\u00c9crit par":"Simone","Dur\u00e9e de lecture estim\u00e9e":"1 minute"},"schema":{"@context":"https:\/\/schema.org","@graph":[{"@type":"Article","@id":"https:\/\/sandrovanini.ch\/fr\/debut-de-la-recolte-des-chataignes-2021\/#article","isPartOf":{"@id":"https:\/\/sandrovanini.ch\/fr\/debut-de-la-recolte-des-chataignes-2021\/"},"author":{"name":"Simone","@id":"https:\/\/sandrovanini.ch\/#\/schema\/person\/435dbd0fd53281feeff0d721cf86bbfd"},"headline":"D\u00e9but de la r\u00e9colte des ch\u00e2taignes 2021","datePublished":"2021-09-22T07:05:37+00:00","dateModified":"2021-10-21T08:35:59+00:00","mainEntityOfPage":{"@id":"https:\/\/sandrovanini.ch\/fr\/debut-de-la-recolte-des-chataignes-2021\/"},"wordCount":166,"commentCount":0,"publisher":{"@id":"https:\/\/sandrovanini.ch\/#organization"},"image":{"@id":"https:\/\/sandrovanini.ch\/fr\/debut-de-la-recolte-des-chataignes-2021\/#primaryimage"},"thumbnailUrl":"https:\/\/sandrovanini.ch\/vaniniwpsite\/wp-content\/uploads\/Da-sin-Schiesser-Scheggia-Fasana-Bassetti-e-Conedera.jpg","articleSection":["News"],"inLanguage":"fr-FR","potentialAction":[{"@type":"CommentAction","name":"Comment","target":["https:\/\/sandrovanini.ch\/fr\/debut-de-la-recolte-des-chataignes-2021\/#respond"]}]},{"@type":"WebPage","@id":"https:\/\/sandrovanini.ch\/fr\/debut-de-la-recolte-des-chataignes-2021\/","url":"https:\/\/sandrovanini.ch\/fr\/debut-de-la-recolte-des-chataignes-2021\/","name":"D\u00e9but de la r\u00e9colte des ch\u00e2taignes 2021 - Sandro Vanini SA","isPartOf":{"@id":"https:\/\/sandrovanini.ch\/#website"},"primaryImageOfPage":{"@id":"https:\/\/sandrovanini.ch\/fr\/debut-de-la-recolte-des-chataignes-2021\/#primaryimage"},"image":{"@id":"https:\/\/sandrovanini.ch\/fr\/debut-de-la-recolte-des-chataignes-2021\/#primaryimage"},"thumbnailUrl":"https:\/\/sandrovanini.ch\/vaniniwpsite\/wp-content\/uploads\/Da-sin-Schiesser-Scheggia-Fasana-Bassetti-e-Conedera.jpg","datePublished":"2021-09-22T07:05:37+00:00","dateModified":"2021-10-21T08:35:59+00:00","breadcrumb":{"@id":"https:\/\/sandrovanini.ch\/fr\/debut-de-la-recolte-des-chataignes-2021\/#breadcrumb"},"inLanguage":"fr-FR","potentialAction":[{"@type":"ReadAction","target":["https:\/\/sandrovanini.ch\/fr\/debut-de-la-recolte-des-chataignes-2021\/"]}]},{"@type":"ImageObject","inLanguage":"fr-FR","@id":"https:\/\/sandrovanini.ch\/fr\/debut-de-la-recolte-des-chataignes-2021\/#primaryimage","url":"https:\/\/sandrovanini.ch\/vaniniwpsite\/wp-content\/uploads\/Da-sin-Schiesser-Scheggia-Fasana-Bassetti-e-Conedera.jpg","contentUrl":"https:\/\/sandrovanini.ch\/vaniniwpsite\/wp-content\/uploads\/Da-sin-Schiesser-Scheggia-Fasana-Bassetti-e-Conedera.jpg","width":800,"height":800,"caption":"Da-sin-Schiesser-Scheggia-Fasana-Bassetti-e-Conedera"},{"@type":"BreadcrumbList","@id":"https:\/\/sandrovanini.ch\/fr\/debut-de-la-recolte-des-chataignes-2021\/#breadcrumb","itemListElement":[{"@type":"ListItem","position":1,"name":"Home","item":"https:\/\/sandrovanini.ch\/fr\/"},{"@type":"ListItem","position":2,"name":"D\u00e9but de la r\u00e9colte des ch\u00e2taignes 2021"}]},{"@type":"WebSite","@id":"https:\/\/sandrovanini.ch\/#website","url":"https:\/\/sandrovanini.ch\/","name":"Sandro Vanini SA","description":"Delizie da vivere","publisher":{"@id":"https:\/\/sandrovanini.ch\/#organization"},"potentialAction":[{"@type":"SearchAction","target":{"@type":"EntryPoint","urlTemplate":"https:\/\/sandrovanini.ch\/?s={search_term_string}"},"query-input":{"@type":"PropertyValueSpecification","valueRequired":true,"valueName":"search_term_string"}}],"inLanguage":"fr-FR"},{"@type":"Organization","@id":"https:\/\/sandrovanini.ch\/#organization","name":"Sandro Vanini SA","url":"https:\/\/sandrovanini.ch\/","logo":{"@type":"ImageObject","inLanguage":"fr-FR","@id":"https:\/\/sandrovanini.ch\/#\/schema\/logo\/image\/","url":"https:\/\/sandrovanini.ch\/vaniniwpsite\/wp-content\/uploads\/SANDRO-VANINI-LOGO-2021.png","contentUrl":"https:\/\/sandrovanini.ch\/vaniniwpsite\/wp-content\/uploads\/SANDRO-VANINI-LOGO-2021.png","width":300,"height":129,"caption":"Sandro Vanini SA"},"image":{"@id":"https:\/\/sandrovanini.ch\/#\/schema\/logo\/image\/"}},{"@type":"Person","@id":"https:\/\/sandrovanini.ch\/#\/schema\/person\/435dbd0fd53281feeff0d721cf86bbfd","name":"Simone","image":{"@type":"ImageObject","inLanguage":"fr-FR","@id":"https:\/\/secure.gravatar.com\/avatar\/edb8bee8119e83899f858559aabc1b13c0757157513f8691d903ae766c183dec?s=96&d=mm&r=g","url":"https:\/\/secure.gravatar.com\/avatar\/edb8bee8119e83899f858559aabc1b13c0757157513f8691d903ae766c183dec?s=96&d=mm&r=g","contentUrl":"https:\/\/secure.gravatar.com\/avatar\/edb8bee8119e83899f858559aabc1b13c0757157513f8691d903ae766c183dec?s=96&d=mm&r=g","caption":"Simone"}}]}},"_links":{"self":[{"href":"https:\/\/sandrovanini.ch\/fr\/wp-json\/wp\/v2\/posts\/3721","targetHints":{"allow":["GET"]}}],"collection":[{"href":"https:\/\/sandrovanini.ch\/fr\/wp-json\/wp\/v2\/posts"}],"about":[{"href":"https:\/\/sandrovanini.ch\/fr\/wp-json\/wp\/v2\/types\/post"}],"author":[{"embeddable":true,"href":"https:\/\/sandrovanini.ch\/fr\/wp-json\/wp\/v2\/users\/2"}],"replies":[{"embeddable":true,"href":"https:\/\/sandrovanini.ch\/fr\/wp-json\/wp\/v2\/comments?post=3721"}],"version-history":[{"count":1,"href":"https:\/\/sandrovanini.ch\/fr\/wp-json\/wp\/v2\/posts\/3721\/revisions"}],"predecessor-version":[{"id":3723,"href":"https:\/\/sandrovanini.ch\/fr\/wp-json\/wp\/v2\/posts\/3721\/revisions\/3723"}],"wp:featuredmedia":[{"embeddable":true,"href":"https:\/\/sandrovanini.ch\/fr\/wp-json\/wp\/v2\/media\/2169"}],"wp:attachment":[{"href":"https:\/\/sandrovanini.ch\/fr\/wp-json\/wp\/v2\/media?parent=3721"}],"wp:term":[{"taxonomy":"category","embeddable":true,"href":"https:\/\/sandrovanini.ch\/fr\/wp-json\/wp\/v2\/categories?post=3721"},{"taxonomy":"post_tag","embeddable":true,"href":"https:\/\/sandrovanini.ch\/fr\/wp-json\/wp\/v2\/tags?post=3721"}],"curies":[{"name":"wp","href":"https:\/\/api.w.org\/{rel}","templated":true}]}}