{"id":8070,"date":"2024-11-02T08:37:24","date_gmt":"2024-11-02T07:37:24","guid":{"rendered":"https:\/\/sandrovanini.ch\/?p=8070"},"modified":"2024-07-02T14:53:20","modified_gmt":"2024-07-02T12:53:20","slug":"la-sandro-vanini-introduce-confezioni-eco-sostenibili-e-iniziativa-di-ri-confezionamento-per-la-stagione-dei-cesti-regalo","status":"publish","type":"post","link":"https:\/\/sandrovanini.ch\/de\/la-sandro-vanini-introduce-confezioni-eco-sostenibili-e-iniziativa-di-ri-confezionamento-per-la-stagione-dei-cesti-regalo\/","title":{"rendered":"Sandro Vanini f\u00fchrt umweltfreundliche Verpackungen und eine Neupack-Initiative f\u00fcr die Geschenkkorb-Saison ein"},"content":{"rendered":"<p style=\"text-align: justify;\">Liebe Kunden,<\/p>\n<p style=\"text-align: justify;\">Wir freuen uns, eine wichtige Initiative f\u00fcr unser Sandro Vanini SA Gesch\u00e4ft anl\u00e4sslich des Beginns der Geschenkkorb-Saison bekannt zu geben. Sandro Vanini hat neue umweltfreundliche Verpackungen eingef\u00fchrt, die aus recycelbaren Materialien bestehen und den strengsten Umweltvorschriften entsprechen. Diese \u00c4nderung spiegelt unser Engagement wider, die Umweltbelastung zu reduzieren und verantwortungsvollere Praktiken zu f\u00f6rdern.<\/p>\n<p style=\"text-align: justify;\">F\u00fcr diejenigen, die den traditionellen Weidenkorb bevorzugen, bieten wir eine innovative L\u00f6sung an: Das Neupacken der bereits in unserem Gesch\u00e4ft gekauften K\u00f6rbe mit neuen ausgew\u00e4hlten Produkten. Indem Sie Ihren zuvor bei uns erworbenen Weidenkorb in unser Gesch\u00e4ft bringen, k\u00f6nnen Sie ihn mit einer neuen Produktauswahl f\u00fcllen lassen. Dar\u00fcber hinaus erhalten Sie im Sinne der Kreislaufwirtschaft einen Rabatt von 10 % auf Ihren neuen Einkauf.<\/p>\n<p style=\"text-align: justify;\">Diese Initiative f\u00f6rdert nicht nur die Wiederverwendung und Abfallreduzierung, sondern bietet unseren Kunden auch die M\u00f6glichkeit, aktiv am Umweltschutz teilzunehmen, insbesondere in einer Zeit, in der Geschenke im Mittelpunkt stehen.<\/p>\n<p style=\"text-align: justify;\">Wir danken Ihnen f\u00fcr Ihre anhaltende Unterst\u00fctzung und daf\u00fcr, dass Sie gemeinsam mit uns zu einer nachhaltigeren Zukunft beitragen.<\/p>\n<p style=\"text-align: justify;\">Mit freundlichen Gr\u00fc\u00dfen,<\/p>\n<p style=\"text-align: justify;\">Ihr Sandro Vanini Team<\/p>\n","protected":false},"excerpt":{"rendered":"<p>Liebe Kunden, Wir freuen uns, eine wichtige Initiative f\u00fcr unser Sandro Vanini SA Gesch\u00e4ft anl\u00e4sslich des Beginns der Geschenkkorb-Saison bekannt zu geben. Sandro&#8230;<\/p>\n","protected":false},"author":12,"featured_media":8067,"comment_status":"closed","ping_status":"open","sticky":false,"template":"","format":"standard","meta":{"_acf_changed":false,"footnotes":""},"categories":[118],"tags":[],"class_list":["post-8070","post","type-post","status-publish","format-standard","has-post-thumbnail","hentry","category-news-de"],"acf":[],"yoast_head":"<!-- This site is optimized with the Yoast SEO plugin v27.3 - https:\/\/yoast.com\/product\/yoast-seo-wordpress\/ -->\n<title>Sandro Vanini f\u00fchrt umweltfreundliche Verpackungen und eine Neupack-Initiative f\u00fcr die Geschenkkorb-Saison ein - Sandro Vanini SA<\/title>\n<meta name=\"robots\" content=\"index, follow, max-snippet:-1, max-image-preview:large, max-video-preview:-1\" \/>\n<link rel=\"canonical\" href=\"https:\/\/sandrovanini.ch\/la-sandro-vanini-introduce-confezioni-eco-sostenibili-e-iniziativa-di-ri-confezionamento-per-la-stagione-dei-cesti-regalo\/\" \/>\n<meta property=\"og:locale\" content=\"de_DE\" \/>\n<meta property=\"og:type\" content=\"article\" \/>\n<meta property=\"og:title\" content=\"Sandro Vanini f\u00fchrt umweltfreundliche Verpackungen und eine Neupack-Initiative f\u00fcr die Geschenkkorb-Saison ein - Sandro Vanini SA\" \/>\n<meta property=\"og:description\" content=\"Liebe Kunden, Wir freuen uns, eine wichtige Initiative f\u00fcr unser Sandro Vanini SA Gesch\u00e4ft anl\u00e4sslich des Beginns der Geschenkkorb-Saison bekannt zu geben. Sandro...\" \/>\n<meta property=\"og:url\" content=\"https:\/\/sandrovanini.ch\/la-sandro-vanini-introduce-confezioni-eco-sostenibili-e-iniziativa-di-ri-confezionamento-per-la-stagione-dei-cesti-regalo\/\" \/>\n<meta property=\"og:site_name\" content=\"Sandro Vanini SA\" \/>\n<meta property=\"article:published_time\" content=\"2024-11-02T07:37:24+00:00\" \/>\n<meta property=\"og:image\" content=\"https:\/\/sandrovanini.ch\/vaniniwpsite\/wp-content\/uploads\/Flyer-cesti.jpg\" \/>\n\t<meta property=\"og:image:width\" content=\"1241\" \/>\n\t<meta property=\"og:image:height\" content=\"870\" \/>\n\t<meta property=\"og:image:type\" content=\"image\/jpeg\" \/>\n<meta name=\"author\" content=\"Stefan.Furrer\" \/>\n<meta name=\"twitter:card\" content=\"summary_large_image\" \/>\n<meta name=\"twitter:label1\" content=\"Verfasst von\" \/>\n\t<meta name=\"twitter:data1\" content=\"Stefan.Furrer\" \/>\n\t<meta name=\"twitter:label2\" content=\"Gesch\u00e4tzte Lesezeit\" \/>\n\t<meta name=\"twitter:data2\" content=\"1\u00a0Minute\" \/>\n<script type=\"application\/ld+json\" class=\"yoast-schema-graph\">{\"@context\":\"https:\\\/\\\/schema.org\",\"@graph\":[{\"@type\":\"Article\",\"@id\":\"https:\\\/\\\/sandrovanini.ch\\\/la-sandro-vanini-introduce-confezioni-eco-sostenibili-e-iniziativa-di-ri-confezionamento-per-la-stagione-dei-cesti-regalo\\\/#article\",\"isPartOf\":{\"@id\":\"https:\\\/\\\/sandrovanini.ch\\\/la-sandro-vanini-introduce-confezioni-eco-sostenibili-e-iniziativa-di-ri-confezionamento-per-la-stagione-dei-cesti-regalo\\\/\"},\"author\":{\"name\":\"Stefan.Furrer\",\"@id\":\"https:\\\/\\\/sandrovanini.ch\\\/#\\\/schema\\\/person\\\/572677f1677d5cafa064b09e8d3f0bb3\"},\"headline\":\"Sandro Vanini f\u00fchrt umweltfreundliche Verpackungen und eine Neupack-Initiative f\u00fcr die Geschenkkorb-Saison ein\",\"datePublished\":\"2024-11-02T07:37:24+00:00\",\"mainEntityOfPage\":{\"@id\":\"https:\\\/\\\/sandrovanini.ch\\\/la-sandro-vanini-introduce-confezioni-eco-sostenibili-e-iniziativa-di-ri-confezionamento-per-la-stagione-dei-cesti-regalo\\\/\"},\"wordCount\":206,\"publisher\":{\"@id\":\"https:\\\/\\\/sandrovanini.ch\\\/#organization\"},\"image\":{\"@id\":\"https:\\\/\\\/sandrovanini.ch\\\/la-sandro-vanini-introduce-confezioni-eco-sostenibili-e-iniziativa-di-ri-confezionamento-per-la-stagione-dei-cesti-regalo\\\/#primaryimage\"},\"thumbnailUrl\":\"https:\\\/\\\/sandrovanini.ch\\\/vaniniwpsite\\\/wp-content\\\/uploads\\\/Flyer-cesti.jpg\",\"articleSection\":[\"News\"],\"inLanguage\":\"de\"},{\"@type\":\"WebPage\",\"@id\":\"https:\\\/\\\/sandrovanini.ch\\\/la-sandro-vanini-introduce-confezioni-eco-sostenibili-e-iniziativa-di-ri-confezionamento-per-la-stagione-dei-cesti-regalo\\\/\",\"url\":\"https:\\\/\\\/sandrovanini.ch\\\/la-sandro-vanini-introduce-confezioni-eco-sostenibili-e-iniziativa-di-ri-confezionamento-per-la-stagione-dei-cesti-regalo\\\/\",\"name\":\"Sandro Vanini f\u00fchrt umweltfreundliche Verpackungen und eine Neupack-Initiative f\u00fcr die Geschenkkorb-Saison ein - Sandro Vanini SA\",\"isPartOf\":{\"@id\":\"https:\\\/\\\/sandrovanini.ch\\\/#website\"},\"primaryImageOfPage\":{\"@id\":\"https:\\\/\\\/sandrovanini.ch\\\/la-sandro-vanini-introduce-confezioni-eco-sostenibili-e-iniziativa-di-ri-confezionamento-per-la-stagione-dei-cesti-regalo\\\/#primaryimage\"},\"image\":{\"@id\":\"https:\\\/\\\/sandrovanini.ch\\\/la-sandro-vanini-introduce-confezioni-eco-sostenibili-e-iniziativa-di-ri-confezionamento-per-la-stagione-dei-cesti-regalo\\\/#primaryimage\"},\"thumbnailUrl\":\"https:\\\/\\\/sandrovanini.ch\\\/vaniniwpsite\\\/wp-content\\\/uploads\\\/Flyer-cesti.jpg\",\"datePublished\":\"2024-11-02T07:37:24+00:00\",\"breadcrumb\":{\"@id\":\"https:\\\/\\\/sandrovanini.ch\\\/la-sandro-vanini-introduce-confezioni-eco-sostenibili-e-iniziativa-di-ri-confezionamento-per-la-stagione-dei-cesti-regalo\\\/#breadcrumb\"},\"inLanguage\":\"de\",\"potentialAction\":[{\"@type\":\"ReadAction\",\"target\":[\"https:\\\/\\\/sandrovanini.ch\\\/la-sandro-vanini-introduce-confezioni-eco-sostenibili-e-iniziativa-di-ri-confezionamento-per-la-stagione-dei-cesti-regalo\\\/\"]}]},{\"@type\":\"ImageObject\",\"inLanguage\":\"de\",\"@id\":\"https:\\\/\\\/sandrovanini.ch\\\/la-sandro-vanini-introduce-confezioni-eco-sostenibili-e-iniziativa-di-ri-confezionamento-per-la-stagione-dei-cesti-regalo\\\/#primaryimage\",\"url\":\"https:\\\/\\\/sandrovanini.ch\\\/vaniniwpsite\\\/wp-content\\\/uploads\\\/Flyer-cesti.jpg\",\"contentUrl\":\"https:\\\/\\\/sandrovanini.ch\\\/vaniniwpsite\\\/wp-content\\\/uploads\\\/Flyer-cesti.jpg\",\"width\":1241,\"height\":870},{\"@type\":\"BreadcrumbList\",\"@id\":\"https:\\\/\\\/sandrovanini.ch\\\/la-sandro-vanini-introduce-confezioni-eco-sostenibili-e-iniziativa-di-ri-confezionamento-per-la-stagione-dei-cesti-regalo\\\/#breadcrumb\",\"itemListElement\":[{\"@type\":\"ListItem\",\"position\":1,\"name\":\"Home\",\"item\":\"https:\\\/\\\/sandrovanini.ch\\\/de\\\/\"},{\"@type\":\"ListItem\",\"position\":2,\"name\":\"Sandro Vanini f\u00fchrt umweltfreundliche Verpackungen und eine Neupack-Initiative f\u00fcr die Geschenkkorb-Saison ein\"}]},{\"@type\":\"WebSite\",\"@id\":\"https:\\\/\\\/sandrovanini.ch\\\/#website\",\"url\":\"https:\\\/\\\/sandrovanini.ch\\\/\",\"name\":\"Sandro Vanini SA\",\"description\":\"Delizie da vivere\",\"publisher\":{\"@id\":\"https:\\\/\\\/sandrovanini.ch\\\/#organization\"},\"potentialAction\":[{\"@type\":\"SearchAction\",\"target\":{\"@type\":\"EntryPoint\",\"urlTemplate\":\"https:\\\/\\\/sandrovanini.ch\\\/?s={search_term_string}\"},\"query-input\":{\"@type\":\"PropertyValueSpecification\",\"valueRequired\":true,\"valueName\":\"search_term_string\"}}],\"inLanguage\":\"de\"},{\"@type\":\"Organization\",\"@id\":\"https:\\\/\\\/sandrovanini.ch\\\/#organization\",\"name\":\"Sandro Vanini SA\",\"url\":\"https:\\\/\\\/sandrovanini.ch\\\/\",\"logo\":{\"@type\":\"ImageObject\",\"inLanguage\":\"de\",\"@id\":\"https:\\\/\\\/sandrovanini.ch\\\/#\\\/schema\\\/logo\\\/image\\\/\",\"url\":\"https:\\\/\\\/sandrovanini.ch\\\/vaniniwpsite\\\/wp-content\\\/uploads\\\/SANDRO-VANINI-LOGO-2021.png\",\"contentUrl\":\"https:\\\/\\\/sandrovanini.ch\\\/vaniniwpsite\\\/wp-content\\\/uploads\\\/SANDRO-VANINI-LOGO-2021.png\",\"width\":300,\"height\":129,\"caption\":\"Sandro Vanini SA\"},\"image\":{\"@id\":\"https:\\\/\\\/sandrovanini.ch\\\/#\\\/schema\\\/logo\\\/image\\\/\"}},{\"@type\":\"Person\",\"@id\":\"https:\\\/\\\/sandrovanini.ch\\\/#\\\/schema\\\/person\\\/572677f1677d5cafa064b09e8d3f0bb3\",\"name\":\"Stefan.Furrer\",\"image\":{\"@type\":\"ImageObject\",\"inLanguage\":\"de\",\"@id\":\"https:\\\/\\\/secure.gravatar.com\\\/avatar\\\/6b413f9777693d603979a042c24249b8bcc22ef16e52806a2976511e9318d51a?s=96&d=mm&r=g\",\"url\":\"https:\\\/\\\/secure.gravatar.com\\\/avatar\\\/6b413f9777693d603979a042c24249b8bcc22ef16e52806a2976511e9318d51a?s=96&d=mm&r=g\",\"contentUrl\":\"https:\\\/\\\/secure.gravatar.com\\\/avatar\\\/6b413f9777693d603979a042c24249b8bcc22ef16e52806a2976511e9318d51a?s=96&d=mm&r=g\",\"caption\":\"Stefan.Furrer\"}}]}<\/script>\n<!-- \/ Yoast SEO plugin. -->","yoast_head_json":{"title":"Sandro Vanini f\u00fchrt umweltfreundliche Verpackungen und eine Neupack-Initiative f\u00fcr die Geschenkkorb-Saison ein - Sandro Vanini SA","robots":{"index":"index","follow":"follow","max-snippet":"max-snippet:-1","max-image-preview":"max-image-preview:large","max-video-preview":"max-video-preview:-1"},"canonical":"https:\/\/sandrovanini.ch\/la-sandro-vanini-introduce-confezioni-eco-sostenibili-e-iniziativa-di-ri-confezionamento-per-la-stagione-dei-cesti-regalo\/","og_locale":"de_DE","og_type":"article","og_title":"Sandro Vanini f\u00fchrt umweltfreundliche Verpackungen und eine Neupack-Initiative f\u00fcr die Geschenkkorb-Saison ein - Sandro Vanini SA","og_description":"Liebe Kunden, Wir freuen uns, eine wichtige Initiative f\u00fcr unser Sandro Vanini SA Gesch\u00e4ft anl\u00e4sslich des Beginns der Geschenkkorb-Saison bekannt zu geben. Sandro...","og_url":"https:\/\/sandrovanini.ch\/la-sandro-vanini-introduce-confezioni-eco-sostenibili-e-iniziativa-di-ri-confezionamento-per-la-stagione-dei-cesti-regalo\/","og_site_name":"Sandro Vanini SA","article_published_time":"2024-11-02T07:37:24+00:00","og_image":[{"width":1241,"height":870,"url":"https:\/\/sandrovanini.ch\/vaniniwpsite\/wp-content\/uploads\/Flyer-cesti.jpg","type":"image\/jpeg"}],"author":"Stefan.Furrer","twitter_card":"summary_large_image","twitter_misc":{"Verfasst von":"Stefan.Furrer","Gesch\u00e4tzte Lesezeit":"1\u00a0Minute"},"schema":{"@context":"https:\/\/schema.org","@graph":[{"@type":"Article","@id":"https:\/\/sandrovanini.ch\/la-sandro-vanini-introduce-confezioni-eco-sostenibili-e-iniziativa-di-ri-confezionamento-per-la-stagione-dei-cesti-regalo\/#article","isPartOf":{"@id":"https:\/\/sandrovanini.ch\/la-sandro-vanini-introduce-confezioni-eco-sostenibili-e-iniziativa-di-ri-confezionamento-per-la-stagione-dei-cesti-regalo\/"},"author":{"name":"Stefan.Furrer","@id":"https:\/\/sandrovanini.ch\/#\/schema\/person\/572677f1677d5cafa064b09e8d3f0bb3"},"headline":"Sandro Vanini f\u00fchrt umweltfreundliche Verpackungen und eine Neupack-Initiative f\u00fcr die Geschenkkorb-Saison ein","datePublished":"2024-11-02T07:37:24+00:00","mainEntityOfPage":{"@id":"https:\/\/sandrovanini.ch\/la-sandro-vanini-introduce-confezioni-eco-sostenibili-e-iniziativa-di-ri-confezionamento-per-la-stagione-dei-cesti-regalo\/"},"wordCount":206,"publisher":{"@id":"https:\/\/sandrovanini.ch\/#organization"},"image":{"@id":"https:\/\/sandrovanini.ch\/la-sandro-vanini-introduce-confezioni-eco-sostenibili-e-iniziativa-di-ri-confezionamento-per-la-stagione-dei-cesti-regalo\/#primaryimage"},"thumbnailUrl":"https:\/\/sandrovanini.ch\/vaniniwpsite\/wp-content\/uploads\/Flyer-cesti.jpg","articleSection":["News"],"inLanguage":"de"},{"@type":"WebPage","@id":"https:\/\/sandrovanini.ch\/la-sandro-vanini-introduce-confezioni-eco-sostenibili-e-iniziativa-di-ri-confezionamento-per-la-stagione-dei-cesti-regalo\/","url":"https:\/\/sandrovanini.ch\/la-sandro-vanini-introduce-confezioni-eco-sostenibili-e-iniziativa-di-ri-confezionamento-per-la-stagione-dei-cesti-regalo\/","name":"Sandro Vanini f\u00fchrt umweltfreundliche Verpackungen und eine Neupack-Initiative f\u00fcr die Geschenkkorb-Saison ein - Sandro Vanini SA","isPartOf":{"@id":"https:\/\/sandrovanini.ch\/#website"},"primaryImageOfPage":{"@id":"https:\/\/sandrovanini.ch\/la-sandro-vanini-introduce-confezioni-eco-sostenibili-e-iniziativa-di-ri-confezionamento-per-la-stagione-dei-cesti-regalo\/#primaryimage"},"image":{"@id":"https:\/\/sandrovanini.ch\/la-sandro-vanini-introduce-confezioni-eco-sostenibili-e-iniziativa-di-ri-confezionamento-per-la-stagione-dei-cesti-regalo\/#primaryimage"},"thumbnailUrl":"https:\/\/sandrovanini.ch\/vaniniwpsite\/wp-content\/uploads\/Flyer-cesti.jpg","datePublished":"2024-11-02T07:37:24+00:00","breadcrumb":{"@id":"https:\/\/sandrovanini.ch\/la-sandro-vanini-introduce-confezioni-eco-sostenibili-e-iniziativa-di-ri-confezionamento-per-la-stagione-dei-cesti-regalo\/#breadcrumb"},"inLanguage":"de","potentialAction":[{"@type":"ReadAction","target":["https:\/\/sandrovanini.ch\/la-sandro-vanini-introduce-confezioni-eco-sostenibili-e-iniziativa-di-ri-confezionamento-per-la-stagione-dei-cesti-regalo\/"]}]},{"@type":"ImageObject","inLanguage":"de","@id":"https:\/\/sandrovanini.ch\/la-sandro-vanini-introduce-confezioni-eco-sostenibili-e-iniziativa-di-ri-confezionamento-per-la-stagione-dei-cesti-regalo\/#primaryimage","url":"https:\/\/sandrovanini.ch\/vaniniwpsite\/wp-content\/uploads\/Flyer-cesti.jpg","contentUrl":"https:\/\/sandrovanini.ch\/vaniniwpsite\/wp-content\/uploads\/Flyer-cesti.jpg","width":1241,"height":870},{"@type":"BreadcrumbList","@id":"https:\/\/sandrovanini.ch\/la-sandro-vanini-introduce-confezioni-eco-sostenibili-e-iniziativa-di-ri-confezionamento-per-la-stagione-dei-cesti-regalo\/#breadcrumb","itemListElement":[{"@type":"ListItem","position":1,"name":"Home","item":"https:\/\/sandrovanini.ch\/de\/"},{"@type":"ListItem","position":2,"name":"Sandro Vanini f\u00fchrt umweltfreundliche Verpackungen und eine Neupack-Initiative f\u00fcr die Geschenkkorb-Saison ein"}]},{"@type":"WebSite","@id":"https:\/\/sandrovanini.ch\/#website","url":"https:\/\/sandrovanini.ch\/","name":"Sandro Vanini SA","description":"Delizie da vivere","publisher":{"@id":"https:\/\/sandrovanini.ch\/#organization"},"potentialAction":[{"@type":"SearchAction","target":{"@type":"EntryPoint","urlTemplate":"https:\/\/sandrovanini.ch\/?s={search_term_string}"},"query-input":{"@type":"PropertyValueSpecification","valueRequired":true,"valueName":"search_term_string"}}],"inLanguage":"de"},{"@type":"Organization","@id":"https:\/\/sandrovanini.ch\/#organization","name":"Sandro Vanini SA","url":"https:\/\/sandrovanini.ch\/","logo":{"@type":"ImageObject","inLanguage":"de","@id":"https:\/\/sandrovanini.ch\/#\/schema\/logo\/image\/","url":"https:\/\/sandrovanini.ch\/vaniniwpsite\/wp-content\/uploads\/SANDRO-VANINI-LOGO-2021.png","contentUrl":"https:\/\/sandrovanini.ch\/vaniniwpsite\/wp-content\/uploads\/SANDRO-VANINI-LOGO-2021.png","width":300,"height":129,"caption":"Sandro Vanini SA"},"image":{"@id":"https:\/\/sandrovanini.ch\/#\/schema\/logo\/image\/"}},{"@type":"Person","@id":"https:\/\/sandrovanini.ch\/#\/schema\/person\/572677f1677d5cafa064b09e8d3f0bb3","name":"Stefan.Furrer","image":{"@type":"ImageObject","inLanguage":"de","@id":"https:\/\/secure.gravatar.com\/avatar\/6b413f9777693d603979a042c24249b8bcc22ef16e52806a2976511e9318d51a?s=96&d=mm&r=g","url":"https:\/\/secure.gravatar.com\/avatar\/6b413f9777693d603979a042c24249b8bcc22ef16e52806a2976511e9318d51a?s=96&d=mm&r=g","contentUrl":"https:\/\/secure.gravatar.com\/avatar\/6b413f9777693d603979a042c24249b8bcc22ef16e52806a2976511e9318d51a?s=96&d=mm&r=g","caption":"Stefan.Furrer"}}]}},"_links":{"self":[{"href":"https:\/\/sandrovanini.ch\/de\/wp-json\/wp\/v2\/posts\/8070","targetHints":{"allow":["GET"]}}],"collection":[{"href":"https:\/\/sandrovanini.ch\/de\/wp-json\/wp\/v2\/posts"}],"about":[{"href":"https:\/\/sandrovanini.ch\/de\/wp-json\/wp\/v2\/types\/post"}],"author":[{"embeddable":true,"href":"https:\/\/sandrovanini.ch\/de\/wp-json\/wp\/v2\/users\/12"}],"replies":[{"embeddable":true,"href":"https:\/\/sandrovanini.ch\/de\/wp-json\/wp\/v2\/comments?post=8070"}],"version-history":[{"count":2,"href":"https:\/\/sandrovanini.ch\/de\/wp-json\/wp\/v2\/posts\/8070\/revisions"}],"predecessor-version":[{"id":8076,"href":"https:\/\/sandrovanini.ch\/de\/wp-json\/wp\/v2\/posts\/8070\/revisions\/8076"}],"wp:featuredmedia":[{"embeddable":true,"href":"https:\/\/sandrovanini.ch\/de\/wp-json\/wp\/v2\/media\/8067"}],"wp:attachment":[{"href":"https:\/\/sandrovanini.ch\/de\/wp-json\/wp\/v2\/media?parent=8070"}],"wp:term":[{"taxonomy":"category","embeddable":true,"href":"https:\/\/sandrovanini.ch\/de\/wp-json\/wp\/v2\/categories?post=8070"},{"taxonomy":"post_tag","embeddable":true,"href":"https:\/\/sandrovanini.ch\/de\/wp-json\/wp\/v2\/tags?post=8070"}],"curies":[{"name":"wp","href":"https:\/\/api.w.org\/{rel}","templated":true}]}}