{"id":7468,"date":"2023-11-09T15:22:45","date_gmt":"2023-11-09T14:22:45","guid":{"rendered":"https:\/\/sandrovanini.ch\/%f0%9f%8e%84-il-natale-e-arrivato-da-sandro-vanini-%f0%9f%8e%84\/"},"modified":"2023-11-09T15:30:42","modified_gmt":"2023-11-09T14:30:42","slug":"%f0%9f%8e%84-il-natale-e-arrivato-da-sandro-vanini-%f0%9f%8e%84","status":"publish","type":"post","link":"https:\/\/sandrovanini.ch\/de\/%f0%9f%8e%84-il-natale-e-arrivato-da-sandro-vanini-%f0%9f%8e%84\/","title":{"rendered":"\ud83c\udf84 Weihnachtszeit bei Sandro Vanini! \ud83c\udf84"},"content":{"rendered":"<p style=\"text-align: justify;\">Feiern Sie mit uns in einer magischen Atmosph\u00e4re, dank der besonderen Zusammenarbeit mit der Boutique Pelfini. Unser Gesch\u00e4ft ist jetzt wundersch\u00f6n geschm\u00fcckt und bereit, Sie in einer einzigartigen und eleganten Umgebung voller Gen\u00fcsse zu empfangen.<\/p>\n<p style=\"text-align: justify;\">\ud83d\udcc5 <strong>\u00d6ffnungszeiten:<\/strong><\/p>\n<p style=\"text-align: justify;\">Montag bis Freitag: 9:00 &#8211; 12:00 und 13:30 &#8211; 17:30<\/p>\n<p style=\"text-align: justify;\">Samstage am 9., 16. und 23. Dezember: Durchgehend ge\u00f6ffnet von 9:00 bis 17:00 Uhr<\/p>\n<p style=\"text-align: justify;\">Sonder\u00f6ffnungszeiten: Am 8. und 24. Dezember von 9:00 bis 15:00 Uhr<\/p>\n<p style=\"text-align: justify;\">Besuchen Sie uns und tauchen Sie in die exquisiteste Weihnachtsstimmung ein. Wir sind bereit, Sie mit den perfekten Geschenken f\u00fcr Ihre Feiertage zu empfangen! \ud83c\udf81<\/p>\n<p style=\"text-align: justify;\">Verpassen Sie nicht diese Gelegenheit, Sandro Vanini erwartet Sie mit vielen \u00dcberraschungen. \ud83d\ude0a<\/p>\n","protected":false},"excerpt":{"rendered":"<p>Feiern Sie mit uns in einer magischen Atmosph\u00e4re, dank der besonderen Zusammenarbeit mit der Boutique Pelfini. Unser Gesch\u00e4ft ist jetzt wundersch\u00f6n geschm\u00fcckt und&#8230;<\/p>\n","protected":false},"author":12,"featured_media":7463,"comment_status":"closed","ping_status":"open","sticky":false,"template":"","format":"standard","meta":{"_acf_changed":false,"footnotes":""},"categories":[118],"tags":[],"class_list":["post-7468","post","type-post","status-publish","format-standard","has-post-thumbnail","hentry","category-news-de"],"acf":[],"yoast_head":"<!-- This site is optimized with the Yoast SEO plugin v27.3 - https:\/\/yoast.com\/product\/yoast-seo-wordpress\/ -->\n<title>\ud83c\udf84 Weihnachtszeit bei Sandro Vanini! \ud83c\udf84 - Sandro Vanini SA<\/title>\n<meta name=\"description\" content=\"Montag bis Freitag: 9:00 - 12:00 und 13:30 - 17:30Samstage am 9., 16. und 23. Dezember: Durchgehend ge\u00f6ffnet von 9:00 bis 17:00 UhrSonder\u00f6ffnungszeiten: Am 8. und 24. Dezember von 9:00 bis 15:00 UhrBesuchen Sie uns und tauchen Sie in die exquisiteste Weihnachtsstimmung ein. Wir sind bereit, Sie mit den perfekten Geschenken f\u00fcr Ihre Feiertage zu empfangen! \ud83c\udf81\" \/>\n<meta name=\"robots\" content=\"index, follow, max-snippet:-1, max-image-preview:large, max-video-preview:-1\" \/>\n<link rel=\"canonical\" href=\"https:\/\/sandrovanini.ch\/de\/\ud83c\udf84-il-natale-e-arrivato-da-sandro-vanini-\ud83c\udf84\/\" \/>\n<meta property=\"og:locale\" content=\"de_DE\" \/>\n<meta property=\"og:type\" content=\"article\" \/>\n<meta property=\"og:title\" content=\"\ud83c\udf84 Weihnachtszeit bei Sandro Vanini! \ud83c\udf84 - Sandro Vanini SA\" \/>\n<meta property=\"og:description\" content=\"Montag bis Freitag: 9:00 - 12:00 und 13:30 - 17:30Samstage am 9., 16. und 23. Dezember: Durchgehend ge\u00f6ffnet von 9:00 bis 17:00 UhrSonder\u00f6ffnungszeiten: Am 8. und 24. Dezember von 9:00 bis 15:00 UhrBesuchen Sie uns und tauchen Sie in die exquisiteste Weihnachtsstimmung ein. Wir sind bereit, Sie mit den perfekten Geschenken f\u00fcr Ihre Feiertage zu empfangen! \ud83c\udf81\" \/>\n<meta property=\"og:url\" content=\"https:\/\/sandrovanini.ch\/de\/\ud83c\udf84-il-natale-e-arrivato-da-sandro-vanini-\ud83c\udf84\/\" \/>\n<meta property=\"og:site_name\" content=\"Sandro Vanini SA\" \/>\n<meta property=\"article:published_time\" content=\"2023-11-09T14:22:45+00:00\" \/>\n<meta property=\"article:modified_time\" content=\"2023-11-09T14:30:42+00:00\" \/>\n<meta property=\"og:image\" content=\"https:\/\/sandrovanini.ch\/vaniniwpsite\/wp-content\/uploads\/20231106_102116-scaled.jpg\" \/>\n\t<meta property=\"og:image:width\" content=\"2560\" \/>\n\t<meta property=\"og:image:height\" content=\"2560\" \/>\n\t<meta property=\"og:image:type\" content=\"image\/jpeg\" \/>\n<meta name=\"author\" content=\"Stefan.Furrer\" \/>\n<meta name=\"twitter:card\" content=\"summary_large_image\" \/>\n<meta name=\"twitter:label1\" content=\"Verfasst von\" \/>\n\t<meta name=\"twitter:data1\" content=\"Stefan.Furrer\" \/>\n\t<meta name=\"twitter:label2\" content=\"Gesch\u00e4tzte Lesezeit\" \/>\n\t<meta name=\"twitter:data2\" content=\"1\u00a0Minute\" \/>\n<script type=\"application\/ld+json\" class=\"yoast-schema-graph\">{\"@context\":\"https:\\\/\\\/schema.org\",\"@graph\":[{\"@type\":\"Article\",\"@id\":\"https:\\\/\\\/sandrovanini.ch\\\/de\\\/%f0%9f%8e%84-il-natale-e-arrivato-da-sandro-vanini-%f0%9f%8e%84\\\/#article\",\"isPartOf\":{\"@id\":\"https:\\\/\\\/sandrovanini.ch\\\/de\\\/%f0%9f%8e%84-il-natale-e-arrivato-da-sandro-vanini-%f0%9f%8e%84\\\/\"},\"author\":{\"name\":\"Stefan.Furrer\",\"@id\":\"https:\\\/\\\/sandrovanini.ch\\\/#\\\/schema\\\/person\\\/572677f1677d5cafa064b09e8d3f0bb3\"},\"headline\":\"\ud83c\udf84 Weihnachtszeit bei Sandro Vanini! \ud83c\udf84\",\"datePublished\":\"2023-11-09T14:22:45+00:00\",\"dateModified\":\"2023-11-09T14:30:42+00:00\",\"mainEntityOfPage\":{\"@id\":\"https:\\\/\\\/sandrovanini.ch\\\/de\\\/%f0%9f%8e%84-il-natale-e-arrivato-da-sandro-vanini-%f0%9f%8e%84\\\/\"},\"wordCount\":106,\"publisher\":{\"@id\":\"https:\\\/\\\/sandrovanini.ch\\\/#organization\"},\"image\":{\"@id\":\"https:\\\/\\\/sandrovanini.ch\\\/de\\\/%f0%9f%8e%84-il-natale-e-arrivato-da-sandro-vanini-%f0%9f%8e%84\\\/#primaryimage\"},\"thumbnailUrl\":\"https:\\\/\\\/sandrovanini.ch\\\/vaniniwpsite\\\/wp-content\\\/uploads\\\/20231106_102116-scaled.jpg\",\"articleSection\":[\"News\"],\"inLanguage\":\"de\"},{\"@type\":\"WebPage\",\"@id\":\"https:\\\/\\\/sandrovanini.ch\\\/de\\\/%f0%9f%8e%84-il-natale-e-arrivato-da-sandro-vanini-%f0%9f%8e%84\\\/\",\"url\":\"https:\\\/\\\/sandrovanini.ch\\\/de\\\/%f0%9f%8e%84-il-natale-e-arrivato-da-sandro-vanini-%f0%9f%8e%84\\\/\",\"name\":\"\ud83c\udf84 Weihnachtszeit bei Sandro Vanini! \ud83c\udf84 - Sandro Vanini SA\",\"isPartOf\":{\"@id\":\"https:\\\/\\\/sandrovanini.ch\\\/#website\"},\"primaryImageOfPage\":{\"@id\":\"https:\\\/\\\/sandrovanini.ch\\\/de\\\/%f0%9f%8e%84-il-natale-e-arrivato-da-sandro-vanini-%f0%9f%8e%84\\\/#primaryimage\"},\"image\":{\"@id\":\"https:\\\/\\\/sandrovanini.ch\\\/de\\\/%f0%9f%8e%84-il-natale-e-arrivato-da-sandro-vanini-%f0%9f%8e%84\\\/#primaryimage\"},\"thumbnailUrl\":\"https:\\\/\\\/sandrovanini.ch\\\/vaniniwpsite\\\/wp-content\\\/uploads\\\/20231106_102116-scaled.jpg\",\"datePublished\":\"2023-11-09T14:22:45+00:00\",\"dateModified\":\"2023-11-09T14:30:42+00:00\",\"description\":\"Montag bis Freitag: 9:00 - 12:00 und 13:30 - 17:30Samstage am 9., 16. und 23. Dezember: Durchgehend ge\u00f6ffnet von 9:00 bis 17:00 UhrSonder\u00f6ffnungszeiten: Am 8. und 24. Dezember von 9:00 bis 15:00 UhrBesuchen Sie uns und tauchen Sie in die exquisiteste Weihnachtsstimmung ein. Wir sind bereit, Sie mit den perfekten Geschenken f\u00fcr Ihre Feiertage zu empfangen! \ud83c\udf81\",\"breadcrumb\":{\"@id\":\"https:\\\/\\\/sandrovanini.ch\\\/de\\\/%f0%9f%8e%84-il-natale-e-arrivato-da-sandro-vanini-%f0%9f%8e%84\\\/#breadcrumb\"},\"inLanguage\":\"de\",\"potentialAction\":[{\"@type\":\"ReadAction\",\"target\":[\"https:\\\/\\\/sandrovanini.ch\\\/de\\\/%f0%9f%8e%84-il-natale-e-arrivato-da-sandro-vanini-%f0%9f%8e%84\\\/\"]}]},{\"@type\":\"ImageObject\",\"inLanguage\":\"de\",\"@id\":\"https:\\\/\\\/sandrovanini.ch\\\/de\\\/%f0%9f%8e%84-il-natale-e-arrivato-da-sandro-vanini-%f0%9f%8e%84\\\/#primaryimage\",\"url\":\"https:\\\/\\\/sandrovanini.ch\\\/vaniniwpsite\\\/wp-content\\\/uploads\\\/20231106_102116-scaled.jpg\",\"contentUrl\":\"https:\\\/\\\/sandrovanini.ch\\\/vaniniwpsite\\\/wp-content\\\/uploads\\\/20231106_102116-scaled.jpg\",\"width\":2560,\"height\":2560},{\"@type\":\"BreadcrumbList\",\"@id\":\"https:\\\/\\\/sandrovanini.ch\\\/de\\\/%f0%9f%8e%84-il-natale-e-arrivato-da-sandro-vanini-%f0%9f%8e%84\\\/#breadcrumb\",\"itemListElement\":[{\"@type\":\"ListItem\",\"position\":1,\"name\":\"Home\",\"item\":\"https:\\\/\\\/sandrovanini.ch\\\/de\\\/\"},{\"@type\":\"ListItem\",\"position\":2,\"name\":\"\ud83c\udf84 Weihnachtszeit bei Sandro Vanini! \ud83c\udf84\"}]},{\"@type\":\"WebSite\",\"@id\":\"https:\\\/\\\/sandrovanini.ch\\\/#website\",\"url\":\"https:\\\/\\\/sandrovanini.ch\\\/\",\"name\":\"Sandro Vanini SA\",\"description\":\"Delizie da vivere\",\"publisher\":{\"@id\":\"https:\\\/\\\/sandrovanini.ch\\\/#organization\"},\"potentialAction\":[{\"@type\":\"SearchAction\",\"target\":{\"@type\":\"EntryPoint\",\"urlTemplate\":\"https:\\\/\\\/sandrovanini.ch\\\/?s={search_term_string}\"},\"query-input\":{\"@type\":\"PropertyValueSpecification\",\"valueRequired\":true,\"valueName\":\"search_term_string\"}}],\"inLanguage\":\"de\"},{\"@type\":\"Organization\",\"@id\":\"https:\\\/\\\/sandrovanini.ch\\\/#organization\",\"name\":\"Sandro Vanini SA\",\"url\":\"https:\\\/\\\/sandrovanini.ch\\\/\",\"logo\":{\"@type\":\"ImageObject\",\"inLanguage\":\"de\",\"@id\":\"https:\\\/\\\/sandrovanini.ch\\\/#\\\/schema\\\/logo\\\/image\\\/\",\"url\":\"https:\\\/\\\/sandrovanini.ch\\\/vaniniwpsite\\\/wp-content\\\/uploads\\\/SANDRO-VANINI-LOGO-2021.png\",\"contentUrl\":\"https:\\\/\\\/sandrovanini.ch\\\/vaniniwpsite\\\/wp-content\\\/uploads\\\/SANDRO-VANINI-LOGO-2021.png\",\"width\":300,\"height\":129,\"caption\":\"Sandro Vanini SA\"},\"image\":{\"@id\":\"https:\\\/\\\/sandrovanini.ch\\\/#\\\/schema\\\/logo\\\/image\\\/\"}},{\"@type\":\"Person\",\"@id\":\"https:\\\/\\\/sandrovanini.ch\\\/#\\\/schema\\\/person\\\/572677f1677d5cafa064b09e8d3f0bb3\",\"name\":\"Stefan.Furrer\",\"image\":{\"@type\":\"ImageObject\",\"inLanguage\":\"de\",\"@id\":\"https:\\\/\\\/secure.gravatar.com\\\/avatar\\\/6b413f9777693d603979a042c24249b8bcc22ef16e52806a2976511e9318d51a?s=96&d=mm&r=g\",\"url\":\"https:\\\/\\\/secure.gravatar.com\\\/avatar\\\/6b413f9777693d603979a042c24249b8bcc22ef16e52806a2976511e9318d51a?s=96&d=mm&r=g\",\"contentUrl\":\"https:\\\/\\\/secure.gravatar.com\\\/avatar\\\/6b413f9777693d603979a042c24249b8bcc22ef16e52806a2976511e9318d51a?s=96&d=mm&r=g\",\"caption\":\"Stefan.Furrer\"}}]}<\/script>\n<!-- \/ Yoast SEO plugin. -->","yoast_head_json":{"title":"\ud83c\udf84 Weihnachtszeit bei Sandro Vanini! \ud83c\udf84 - Sandro Vanini SA","description":"Montag bis Freitag: 9:00 - 12:00 und 13:30 - 17:30Samstage am 9., 16. und 23. Dezember: Durchgehend ge\u00f6ffnet von 9:00 bis 17:00 UhrSonder\u00f6ffnungszeiten: Am 8. und 24. Dezember von 9:00 bis 15:00 UhrBesuchen Sie uns und tauchen Sie in die exquisiteste Weihnachtsstimmung ein. Wir sind bereit, Sie mit den perfekten Geschenken f\u00fcr Ihre Feiertage zu empfangen! \ud83c\udf81","robots":{"index":"index","follow":"follow","max-snippet":"max-snippet:-1","max-image-preview":"max-image-preview:large","max-video-preview":"max-video-preview:-1"},"canonical":"https:\/\/sandrovanini.ch\/de\/\ud83c\udf84-il-natale-e-arrivato-da-sandro-vanini-\ud83c\udf84\/","og_locale":"de_DE","og_type":"article","og_title":"\ud83c\udf84 Weihnachtszeit bei Sandro Vanini! \ud83c\udf84 - Sandro Vanini SA","og_description":"Montag bis Freitag: 9:00 - 12:00 und 13:30 - 17:30Samstage am 9., 16. und 23. Dezember: Durchgehend ge\u00f6ffnet von 9:00 bis 17:00 UhrSonder\u00f6ffnungszeiten: Am 8. und 24. Dezember von 9:00 bis 15:00 UhrBesuchen Sie uns und tauchen Sie in die exquisiteste Weihnachtsstimmung ein. Wir sind bereit, Sie mit den perfekten Geschenken f\u00fcr Ihre Feiertage zu empfangen! \ud83c\udf81","og_url":"https:\/\/sandrovanini.ch\/de\/\ud83c\udf84-il-natale-e-arrivato-da-sandro-vanini-\ud83c\udf84\/","og_site_name":"Sandro Vanini SA","article_published_time":"2023-11-09T14:22:45+00:00","article_modified_time":"2023-11-09T14:30:42+00:00","og_image":[{"width":2560,"height":2560,"url":"https:\/\/sandrovanini.ch\/vaniniwpsite\/wp-content\/uploads\/20231106_102116-scaled.jpg","type":"image\/jpeg"}],"author":"Stefan.Furrer","twitter_card":"summary_large_image","twitter_misc":{"Verfasst von":"Stefan.Furrer","Gesch\u00e4tzte Lesezeit":"1\u00a0Minute"},"schema":{"@context":"https:\/\/schema.org","@graph":[{"@type":"Article","@id":"https:\/\/sandrovanini.ch\/de\/%f0%9f%8e%84-il-natale-e-arrivato-da-sandro-vanini-%f0%9f%8e%84\/#article","isPartOf":{"@id":"https:\/\/sandrovanini.ch\/de\/%f0%9f%8e%84-il-natale-e-arrivato-da-sandro-vanini-%f0%9f%8e%84\/"},"author":{"name":"Stefan.Furrer","@id":"https:\/\/sandrovanini.ch\/#\/schema\/person\/572677f1677d5cafa064b09e8d3f0bb3"},"headline":"\ud83c\udf84 Weihnachtszeit bei Sandro Vanini! \ud83c\udf84","datePublished":"2023-11-09T14:22:45+00:00","dateModified":"2023-11-09T14:30:42+00:00","mainEntityOfPage":{"@id":"https:\/\/sandrovanini.ch\/de\/%f0%9f%8e%84-il-natale-e-arrivato-da-sandro-vanini-%f0%9f%8e%84\/"},"wordCount":106,"publisher":{"@id":"https:\/\/sandrovanini.ch\/#organization"},"image":{"@id":"https:\/\/sandrovanini.ch\/de\/%f0%9f%8e%84-il-natale-e-arrivato-da-sandro-vanini-%f0%9f%8e%84\/#primaryimage"},"thumbnailUrl":"https:\/\/sandrovanini.ch\/vaniniwpsite\/wp-content\/uploads\/20231106_102116-scaled.jpg","articleSection":["News"],"inLanguage":"de"},{"@type":"WebPage","@id":"https:\/\/sandrovanini.ch\/de\/%f0%9f%8e%84-il-natale-e-arrivato-da-sandro-vanini-%f0%9f%8e%84\/","url":"https:\/\/sandrovanini.ch\/de\/%f0%9f%8e%84-il-natale-e-arrivato-da-sandro-vanini-%f0%9f%8e%84\/","name":"\ud83c\udf84 Weihnachtszeit bei Sandro Vanini! \ud83c\udf84 - Sandro Vanini SA","isPartOf":{"@id":"https:\/\/sandrovanini.ch\/#website"},"primaryImageOfPage":{"@id":"https:\/\/sandrovanini.ch\/de\/%f0%9f%8e%84-il-natale-e-arrivato-da-sandro-vanini-%f0%9f%8e%84\/#primaryimage"},"image":{"@id":"https:\/\/sandrovanini.ch\/de\/%f0%9f%8e%84-il-natale-e-arrivato-da-sandro-vanini-%f0%9f%8e%84\/#primaryimage"},"thumbnailUrl":"https:\/\/sandrovanini.ch\/vaniniwpsite\/wp-content\/uploads\/20231106_102116-scaled.jpg","datePublished":"2023-11-09T14:22:45+00:00","dateModified":"2023-11-09T14:30:42+00:00","description":"Montag bis Freitag: 9:00 - 12:00 und 13:30 - 17:30Samstage am 9., 16. und 23. Dezember: Durchgehend ge\u00f6ffnet von 9:00 bis 17:00 UhrSonder\u00f6ffnungszeiten: Am 8. und 24. Dezember von 9:00 bis 15:00 UhrBesuchen Sie uns und tauchen Sie in die exquisiteste Weihnachtsstimmung ein. Wir sind bereit, Sie mit den perfekten Geschenken f\u00fcr Ihre Feiertage zu empfangen! \ud83c\udf81","breadcrumb":{"@id":"https:\/\/sandrovanini.ch\/de\/%f0%9f%8e%84-il-natale-e-arrivato-da-sandro-vanini-%f0%9f%8e%84\/#breadcrumb"},"inLanguage":"de","potentialAction":[{"@type":"ReadAction","target":["https:\/\/sandrovanini.ch\/de\/%f0%9f%8e%84-il-natale-e-arrivato-da-sandro-vanini-%f0%9f%8e%84\/"]}]},{"@type":"ImageObject","inLanguage":"de","@id":"https:\/\/sandrovanini.ch\/de\/%f0%9f%8e%84-il-natale-e-arrivato-da-sandro-vanini-%f0%9f%8e%84\/#primaryimage","url":"https:\/\/sandrovanini.ch\/vaniniwpsite\/wp-content\/uploads\/20231106_102116-scaled.jpg","contentUrl":"https:\/\/sandrovanini.ch\/vaniniwpsite\/wp-content\/uploads\/20231106_102116-scaled.jpg","width":2560,"height":2560},{"@type":"BreadcrumbList","@id":"https:\/\/sandrovanini.ch\/de\/%f0%9f%8e%84-il-natale-e-arrivato-da-sandro-vanini-%f0%9f%8e%84\/#breadcrumb","itemListElement":[{"@type":"ListItem","position":1,"name":"Home","item":"https:\/\/sandrovanini.ch\/de\/"},{"@type":"ListItem","position":2,"name":"\ud83c\udf84 Weihnachtszeit bei Sandro Vanini! \ud83c\udf84"}]},{"@type":"WebSite","@id":"https:\/\/sandrovanini.ch\/#website","url":"https:\/\/sandrovanini.ch\/","name":"Sandro Vanini SA","description":"Delizie da vivere","publisher":{"@id":"https:\/\/sandrovanini.ch\/#organization"},"potentialAction":[{"@type":"SearchAction","target":{"@type":"EntryPoint","urlTemplate":"https:\/\/sandrovanini.ch\/?s={search_term_string}"},"query-input":{"@type":"PropertyValueSpecification","valueRequired":true,"valueName":"search_term_string"}}],"inLanguage":"de"},{"@type":"Organization","@id":"https:\/\/sandrovanini.ch\/#organization","name":"Sandro Vanini SA","url":"https:\/\/sandrovanini.ch\/","logo":{"@type":"ImageObject","inLanguage":"de","@id":"https:\/\/sandrovanini.ch\/#\/schema\/logo\/image\/","url":"https:\/\/sandrovanini.ch\/vaniniwpsite\/wp-content\/uploads\/SANDRO-VANINI-LOGO-2021.png","contentUrl":"https:\/\/sandrovanini.ch\/vaniniwpsite\/wp-content\/uploads\/SANDRO-VANINI-LOGO-2021.png","width":300,"height":129,"caption":"Sandro Vanini SA"},"image":{"@id":"https:\/\/sandrovanini.ch\/#\/schema\/logo\/image\/"}},{"@type":"Person","@id":"https:\/\/sandrovanini.ch\/#\/schema\/person\/572677f1677d5cafa064b09e8d3f0bb3","name":"Stefan.Furrer","image":{"@type":"ImageObject","inLanguage":"de","@id":"https:\/\/secure.gravatar.com\/avatar\/6b413f9777693d603979a042c24249b8bcc22ef16e52806a2976511e9318d51a?s=96&d=mm&r=g","url":"https:\/\/secure.gravatar.com\/avatar\/6b413f9777693d603979a042c24249b8bcc22ef16e52806a2976511e9318d51a?s=96&d=mm&r=g","contentUrl":"https:\/\/secure.gravatar.com\/avatar\/6b413f9777693d603979a042c24249b8bcc22ef16e52806a2976511e9318d51a?s=96&d=mm&r=g","caption":"Stefan.Furrer"}}]}},"_links":{"self":[{"href":"https:\/\/sandrovanini.ch\/de\/wp-json\/wp\/v2\/posts\/7468","targetHints":{"allow":["GET"]}}],"collection":[{"href":"https:\/\/sandrovanini.ch\/de\/wp-json\/wp\/v2\/posts"}],"about":[{"href":"https:\/\/sandrovanini.ch\/de\/wp-json\/wp\/v2\/types\/post"}],"author":[{"embeddable":true,"href":"https:\/\/sandrovanini.ch\/de\/wp-json\/wp\/v2\/users\/12"}],"replies":[{"embeddable":true,"href":"https:\/\/sandrovanini.ch\/de\/wp-json\/wp\/v2\/comments?post=7468"}],"version-history":[{"count":4,"href":"https:\/\/sandrovanini.ch\/de\/wp-json\/wp\/v2\/posts\/7468\/revisions"}],"predecessor-version":[{"id":7480,"href":"https:\/\/sandrovanini.ch\/de\/wp-json\/wp\/v2\/posts\/7468\/revisions\/7480"}],"wp:featuredmedia":[{"embeddable":true,"href":"https:\/\/sandrovanini.ch\/de\/wp-json\/wp\/v2\/media\/7463"}],"wp:attachment":[{"href":"https:\/\/sandrovanini.ch\/de\/wp-json\/wp\/v2\/media?parent=7468"}],"wp:term":[{"taxonomy":"category","embeddable":true,"href":"https:\/\/sandrovanini.ch\/de\/wp-json\/wp\/v2\/categories?post=7468"},{"taxonomy":"post_tag","embeddable":true,"href":"https:\/\/sandrovanini.ch\/de\/wp-json\/wp\/v2\/tags?post=7468"}],"curies":[{"name":"wp","href":"https:\/\/api.w.org\/{rel}","templated":true}]}}