{"id":7016,"date":"2023-05-30T11:41:17","date_gmt":"2023-05-30T09:41:17","guid":{"rendered":"https:\/\/sandrovanini.ch\/?p=7016"},"modified":"2023-05-30T11:43:17","modified_gmt":"2023-05-30T09:43:17","slug":"sandro-vanini-nimmt-an-der-ersten-ausgabe-des-mercato-del-gusto-teil","status":"publish","type":"post","link":"https:\/\/sandrovanini.ch\/de\/sandro-vanini-nimmt-an-der-ersten-ausgabe-des-mercato-del-gusto-teil\/","title":{"rendered":"Sandro Vanini nimmt an der ersten Ausgabe des &#8222;Mercato del Gusto&#8220; teil"},"content":{"rendered":"<p>Die erste Edition vom \u00abMercato del Gusto\u00bb bringt Tessiner Produkte und Spitzenk\u00f6che zusammen f\u00fcr einen sonnt\u00e4glichen Genuss-Markt bei den Terreni alla Maggia in Ascona.<\/p>\n<p>An \u00fcber 40 Marktst\u00e4nden pr\u00e4sentieren die gastronomischen Aush\u00e4ngeschilder und Spitzenk\u00f6che aus der ganzen Schweiz ihre besten Produkte und Gerichte. Kommen Sie auf einen ganz besonderen Marktbummel vorbei, der das Tessin von seiner feinsten Seite zeigt.<\/p>\n<p>Der Eintritt ist frei. Konsumationen werden einzeln bezahlt.<\/p>\n<p>A presto in Ascona! <strong>Sie finedn uns am Stand Nr.4<\/strong>!<\/p>\n<p>&nbsp;<\/p>\n<p><em>4. Juni 2023, 11:00-17:00<\/em><\/p>\n<p><em>Terreni alla Maggia<\/em><\/p>\n<p><em>Via Muraccio<\/em><\/p>\n<p><em>6612 Ascona<\/em><\/p>\n<p><em>terreniallamaggia.ch\/mercatodelgusto<\/em><\/p>\n","protected":false},"excerpt":{"rendered":"<p>Die erste Edition vom \u00abMercato del Gusto\u00bb bringt Tessiner Produkte und Spitzenk\u00f6che zusammen f\u00fcr einen sonnt\u00e4glichen Genuss-Markt bei den Terreni alla Maggia in&#8230;<\/p>\n","protected":false},"author":12,"featured_media":7012,"comment_status":"closed","ping_status":"open","sticky":false,"template":"","format":"standard","meta":{"_acf_changed":false,"footnotes":""},"categories":[118],"tags":[],"class_list":["post-7016","post","type-post","status-publish","format-standard","has-post-thumbnail","hentry","category-news-de"],"acf":[],"yoast_head":"<!-- This site is optimized with the Yoast SEO plugin v27.3 - https:\/\/yoast.com\/product\/yoast-seo-wordpress\/ -->\n<title>Sandro Vanini nimmt an der ersten Ausgabe des &quot;Mercato del Gusto&quot; teil - Sandro Vanini SA<\/title>\n<meta name=\"robots\" content=\"index, follow, max-snippet:-1, max-image-preview:large, max-video-preview:-1\" \/>\n<link rel=\"canonical\" href=\"https:\/\/sandrovanini.ch\/de\/sandro-vanini-nimmt-an-der-ersten-ausgabe-des-mercato-del-gusto-teil\/\" \/>\n<meta property=\"og:locale\" content=\"de_DE\" \/>\n<meta property=\"og:type\" content=\"article\" \/>\n<meta property=\"og:title\" content=\"Sandro Vanini nimmt an der ersten Ausgabe des &quot;Mercato del Gusto&quot; teil - Sandro Vanini SA\" \/>\n<meta property=\"og:description\" content=\"Die erste Edition vom \u00abMercato del Gusto\u00bb bringt Tessiner Produkte und Spitzenk\u00f6che zusammen f\u00fcr einen sonnt\u00e4glichen Genuss-Markt bei den Terreni alla Maggia in...\" \/>\n<meta property=\"og:url\" content=\"https:\/\/sandrovanini.ch\/de\/sandro-vanini-nimmt-an-der-ersten-ausgabe-des-mercato-del-gusto-teil\/\" \/>\n<meta property=\"og:site_name\" content=\"Sandro Vanini SA\" \/>\n<meta property=\"article:published_time\" content=\"2023-05-30T09:41:17+00:00\" \/>\n<meta property=\"article:modified_time\" content=\"2023-05-30T09:43:17+00:00\" \/>\n<meta property=\"og:image\" content=\"https:\/\/sandrovanini.ch\/vaniniwpsite\/wp-content\/uploads\/MdG_Facebook_Post.png\" \/>\n\t<meta property=\"og:image:width\" content=\"940\" \/>\n\t<meta property=\"og:image:height\" content=\"788\" \/>\n\t<meta property=\"og:image:type\" content=\"image\/png\" \/>\n<meta name=\"author\" content=\"Stefan.Furrer\" \/>\n<meta name=\"twitter:card\" content=\"summary_large_image\" \/>\n<meta name=\"twitter:label1\" content=\"Verfasst von\" \/>\n\t<meta name=\"twitter:data1\" content=\"Stefan.Furrer\" \/>\n<script type=\"application\/ld+json\" class=\"yoast-schema-graph\">{\"@context\":\"https:\\\/\\\/schema.org\",\"@graph\":[{\"@type\":\"Article\",\"@id\":\"https:\\\/\\\/sandrovanini.ch\\\/de\\\/sandro-vanini-nimmt-an-der-ersten-ausgabe-des-mercato-del-gusto-teil\\\/#article\",\"isPartOf\":{\"@id\":\"https:\\\/\\\/sandrovanini.ch\\\/de\\\/sandro-vanini-nimmt-an-der-ersten-ausgabe-des-mercato-del-gusto-teil\\\/\"},\"author\":{\"name\":\"Stefan.Furrer\",\"@id\":\"https:\\\/\\\/sandrovanini.ch\\\/#\\\/schema\\\/person\\\/572677f1677d5cafa064b09e8d3f0bb3\"},\"headline\":\"Sandro Vanini nimmt an der ersten Ausgabe des &#8222;Mercato del Gusto&#8220; teil\",\"datePublished\":\"2023-05-30T09:41:17+00:00\",\"dateModified\":\"2023-05-30T09:43:17+00:00\",\"mainEntityOfPage\":{\"@id\":\"https:\\\/\\\/sandrovanini.ch\\\/de\\\/sandro-vanini-nimmt-an-der-ersten-ausgabe-des-mercato-del-gusto-teil\\\/\"},\"wordCount\":107,\"publisher\":{\"@id\":\"https:\\\/\\\/sandrovanini.ch\\\/#organization\"},\"image\":{\"@id\":\"https:\\\/\\\/sandrovanini.ch\\\/de\\\/sandro-vanini-nimmt-an-der-ersten-ausgabe-des-mercato-del-gusto-teil\\\/#primaryimage\"},\"thumbnailUrl\":\"https:\\\/\\\/sandrovanini.ch\\\/vaniniwpsite\\\/wp-content\\\/uploads\\\/MdG_Facebook_Post.png\",\"articleSection\":[\"News\"],\"inLanguage\":\"de\"},{\"@type\":\"WebPage\",\"@id\":\"https:\\\/\\\/sandrovanini.ch\\\/de\\\/sandro-vanini-nimmt-an-der-ersten-ausgabe-des-mercato-del-gusto-teil\\\/\",\"url\":\"https:\\\/\\\/sandrovanini.ch\\\/de\\\/sandro-vanini-nimmt-an-der-ersten-ausgabe-des-mercato-del-gusto-teil\\\/\",\"name\":\"Sandro Vanini nimmt an der ersten Ausgabe des \\\"Mercato del Gusto\\\" teil - Sandro Vanini SA\",\"isPartOf\":{\"@id\":\"https:\\\/\\\/sandrovanini.ch\\\/#website\"},\"primaryImageOfPage\":{\"@id\":\"https:\\\/\\\/sandrovanini.ch\\\/de\\\/sandro-vanini-nimmt-an-der-ersten-ausgabe-des-mercato-del-gusto-teil\\\/#primaryimage\"},\"image\":{\"@id\":\"https:\\\/\\\/sandrovanini.ch\\\/de\\\/sandro-vanini-nimmt-an-der-ersten-ausgabe-des-mercato-del-gusto-teil\\\/#primaryimage\"},\"thumbnailUrl\":\"https:\\\/\\\/sandrovanini.ch\\\/vaniniwpsite\\\/wp-content\\\/uploads\\\/MdG_Facebook_Post.png\",\"datePublished\":\"2023-05-30T09:41:17+00:00\",\"dateModified\":\"2023-05-30T09:43:17+00:00\",\"breadcrumb\":{\"@id\":\"https:\\\/\\\/sandrovanini.ch\\\/de\\\/sandro-vanini-nimmt-an-der-ersten-ausgabe-des-mercato-del-gusto-teil\\\/#breadcrumb\"},\"inLanguage\":\"de\",\"potentialAction\":[{\"@type\":\"ReadAction\",\"target\":[\"https:\\\/\\\/sandrovanini.ch\\\/de\\\/sandro-vanini-nimmt-an-der-ersten-ausgabe-des-mercato-del-gusto-teil\\\/\"]}]},{\"@type\":\"ImageObject\",\"inLanguage\":\"de\",\"@id\":\"https:\\\/\\\/sandrovanini.ch\\\/de\\\/sandro-vanini-nimmt-an-der-ersten-ausgabe-des-mercato-del-gusto-teil\\\/#primaryimage\",\"url\":\"https:\\\/\\\/sandrovanini.ch\\\/vaniniwpsite\\\/wp-content\\\/uploads\\\/MdG_Facebook_Post.png\",\"contentUrl\":\"https:\\\/\\\/sandrovanini.ch\\\/vaniniwpsite\\\/wp-content\\\/uploads\\\/MdG_Facebook_Post.png\",\"width\":940,\"height\":788},{\"@type\":\"BreadcrumbList\",\"@id\":\"https:\\\/\\\/sandrovanini.ch\\\/de\\\/sandro-vanini-nimmt-an-der-ersten-ausgabe-des-mercato-del-gusto-teil\\\/#breadcrumb\",\"itemListElement\":[{\"@type\":\"ListItem\",\"position\":1,\"name\":\"Home\",\"item\":\"https:\\\/\\\/sandrovanini.ch\\\/de\\\/\"},{\"@type\":\"ListItem\",\"position\":2,\"name\":\"Sandro Vanini nimmt an der ersten Ausgabe des &#8220;Mercato del Gusto&#8221; teil\"}]},{\"@type\":\"WebSite\",\"@id\":\"https:\\\/\\\/sandrovanini.ch\\\/#website\",\"url\":\"https:\\\/\\\/sandrovanini.ch\\\/\",\"name\":\"Sandro Vanini SA\",\"description\":\"Delizie da vivere\",\"publisher\":{\"@id\":\"https:\\\/\\\/sandrovanini.ch\\\/#organization\"},\"potentialAction\":[{\"@type\":\"SearchAction\",\"target\":{\"@type\":\"EntryPoint\",\"urlTemplate\":\"https:\\\/\\\/sandrovanini.ch\\\/?s={search_term_string}\"},\"query-input\":{\"@type\":\"PropertyValueSpecification\",\"valueRequired\":true,\"valueName\":\"search_term_string\"}}],\"inLanguage\":\"de\"},{\"@type\":\"Organization\",\"@id\":\"https:\\\/\\\/sandrovanini.ch\\\/#organization\",\"name\":\"Sandro Vanini SA\",\"url\":\"https:\\\/\\\/sandrovanini.ch\\\/\",\"logo\":{\"@type\":\"ImageObject\",\"inLanguage\":\"de\",\"@id\":\"https:\\\/\\\/sandrovanini.ch\\\/#\\\/schema\\\/logo\\\/image\\\/\",\"url\":\"https:\\\/\\\/sandrovanini.ch\\\/vaniniwpsite\\\/wp-content\\\/uploads\\\/SANDRO-VANINI-LOGO-2021.png\",\"contentUrl\":\"https:\\\/\\\/sandrovanini.ch\\\/vaniniwpsite\\\/wp-content\\\/uploads\\\/SANDRO-VANINI-LOGO-2021.png\",\"width\":300,\"height\":129,\"caption\":\"Sandro Vanini SA\"},\"image\":{\"@id\":\"https:\\\/\\\/sandrovanini.ch\\\/#\\\/schema\\\/logo\\\/image\\\/\"}},{\"@type\":\"Person\",\"@id\":\"https:\\\/\\\/sandrovanini.ch\\\/#\\\/schema\\\/person\\\/572677f1677d5cafa064b09e8d3f0bb3\",\"name\":\"Stefan.Furrer\",\"image\":{\"@type\":\"ImageObject\",\"inLanguage\":\"de\",\"@id\":\"https:\\\/\\\/secure.gravatar.com\\\/avatar\\\/6b413f9777693d603979a042c24249b8bcc22ef16e52806a2976511e9318d51a?s=96&d=mm&r=g\",\"url\":\"https:\\\/\\\/secure.gravatar.com\\\/avatar\\\/6b413f9777693d603979a042c24249b8bcc22ef16e52806a2976511e9318d51a?s=96&d=mm&r=g\",\"contentUrl\":\"https:\\\/\\\/secure.gravatar.com\\\/avatar\\\/6b413f9777693d603979a042c24249b8bcc22ef16e52806a2976511e9318d51a?s=96&d=mm&r=g\",\"caption\":\"Stefan.Furrer\"}}]}<\/script>\n<!-- \/ Yoast SEO plugin. -->","yoast_head_json":{"title":"Sandro Vanini nimmt an der ersten Ausgabe des \"Mercato del Gusto\" teil - Sandro Vanini SA","robots":{"index":"index","follow":"follow","max-snippet":"max-snippet:-1","max-image-preview":"max-image-preview:large","max-video-preview":"max-video-preview:-1"},"canonical":"https:\/\/sandrovanini.ch\/de\/sandro-vanini-nimmt-an-der-ersten-ausgabe-des-mercato-del-gusto-teil\/","og_locale":"de_DE","og_type":"article","og_title":"Sandro Vanini nimmt an der ersten Ausgabe des \"Mercato del Gusto\" teil - Sandro Vanini SA","og_description":"Die erste Edition vom \u00abMercato del Gusto\u00bb bringt Tessiner Produkte und Spitzenk\u00f6che zusammen f\u00fcr einen sonnt\u00e4glichen Genuss-Markt bei den Terreni alla Maggia in...","og_url":"https:\/\/sandrovanini.ch\/de\/sandro-vanini-nimmt-an-der-ersten-ausgabe-des-mercato-del-gusto-teil\/","og_site_name":"Sandro Vanini SA","article_published_time":"2023-05-30T09:41:17+00:00","article_modified_time":"2023-05-30T09:43:17+00:00","og_image":[{"width":940,"height":788,"url":"https:\/\/sandrovanini.ch\/vaniniwpsite\/wp-content\/uploads\/MdG_Facebook_Post.png","type":"image\/png"}],"author":"Stefan.Furrer","twitter_card":"summary_large_image","twitter_misc":{"Verfasst von":"Stefan.Furrer"},"schema":{"@context":"https:\/\/schema.org","@graph":[{"@type":"Article","@id":"https:\/\/sandrovanini.ch\/de\/sandro-vanini-nimmt-an-der-ersten-ausgabe-des-mercato-del-gusto-teil\/#article","isPartOf":{"@id":"https:\/\/sandrovanini.ch\/de\/sandro-vanini-nimmt-an-der-ersten-ausgabe-des-mercato-del-gusto-teil\/"},"author":{"name":"Stefan.Furrer","@id":"https:\/\/sandrovanini.ch\/#\/schema\/person\/572677f1677d5cafa064b09e8d3f0bb3"},"headline":"Sandro Vanini nimmt an der ersten Ausgabe des &#8222;Mercato del Gusto&#8220; teil","datePublished":"2023-05-30T09:41:17+00:00","dateModified":"2023-05-30T09:43:17+00:00","mainEntityOfPage":{"@id":"https:\/\/sandrovanini.ch\/de\/sandro-vanini-nimmt-an-der-ersten-ausgabe-des-mercato-del-gusto-teil\/"},"wordCount":107,"publisher":{"@id":"https:\/\/sandrovanini.ch\/#organization"},"image":{"@id":"https:\/\/sandrovanini.ch\/de\/sandro-vanini-nimmt-an-der-ersten-ausgabe-des-mercato-del-gusto-teil\/#primaryimage"},"thumbnailUrl":"https:\/\/sandrovanini.ch\/vaniniwpsite\/wp-content\/uploads\/MdG_Facebook_Post.png","articleSection":["News"],"inLanguage":"de"},{"@type":"WebPage","@id":"https:\/\/sandrovanini.ch\/de\/sandro-vanini-nimmt-an-der-ersten-ausgabe-des-mercato-del-gusto-teil\/","url":"https:\/\/sandrovanini.ch\/de\/sandro-vanini-nimmt-an-der-ersten-ausgabe-des-mercato-del-gusto-teil\/","name":"Sandro Vanini nimmt an der ersten Ausgabe des \"Mercato del Gusto\" teil - Sandro Vanini SA","isPartOf":{"@id":"https:\/\/sandrovanini.ch\/#website"},"primaryImageOfPage":{"@id":"https:\/\/sandrovanini.ch\/de\/sandro-vanini-nimmt-an-der-ersten-ausgabe-des-mercato-del-gusto-teil\/#primaryimage"},"image":{"@id":"https:\/\/sandrovanini.ch\/de\/sandro-vanini-nimmt-an-der-ersten-ausgabe-des-mercato-del-gusto-teil\/#primaryimage"},"thumbnailUrl":"https:\/\/sandrovanini.ch\/vaniniwpsite\/wp-content\/uploads\/MdG_Facebook_Post.png","datePublished":"2023-05-30T09:41:17+00:00","dateModified":"2023-05-30T09:43:17+00:00","breadcrumb":{"@id":"https:\/\/sandrovanini.ch\/de\/sandro-vanini-nimmt-an-der-ersten-ausgabe-des-mercato-del-gusto-teil\/#breadcrumb"},"inLanguage":"de","potentialAction":[{"@type":"ReadAction","target":["https:\/\/sandrovanini.ch\/de\/sandro-vanini-nimmt-an-der-ersten-ausgabe-des-mercato-del-gusto-teil\/"]}]},{"@type":"ImageObject","inLanguage":"de","@id":"https:\/\/sandrovanini.ch\/de\/sandro-vanini-nimmt-an-der-ersten-ausgabe-des-mercato-del-gusto-teil\/#primaryimage","url":"https:\/\/sandrovanini.ch\/vaniniwpsite\/wp-content\/uploads\/MdG_Facebook_Post.png","contentUrl":"https:\/\/sandrovanini.ch\/vaniniwpsite\/wp-content\/uploads\/MdG_Facebook_Post.png","width":940,"height":788},{"@type":"BreadcrumbList","@id":"https:\/\/sandrovanini.ch\/de\/sandro-vanini-nimmt-an-der-ersten-ausgabe-des-mercato-del-gusto-teil\/#breadcrumb","itemListElement":[{"@type":"ListItem","position":1,"name":"Home","item":"https:\/\/sandrovanini.ch\/de\/"},{"@type":"ListItem","position":2,"name":"Sandro Vanini nimmt an der ersten Ausgabe des &#8220;Mercato del Gusto&#8221; teil"}]},{"@type":"WebSite","@id":"https:\/\/sandrovanini.ch\/#website","url":"https:\/\/sandrovanini.ch\/","name":"Sandro Vanini SA","description":"Delizie da vivere","publisher":{"@id":"https:\/\/sandrovanini.ch\/#organization"},"potentialAction":[{"@type":"SearchAction","target":{"@type":"EntryPoint","urlTemplate":"https:\/\/sandrovanini.ch\/?s={search_term_string}"},"query-input":{"@type":"PropertyValueSpecification","valueRequired":true,"valueName":"search_term_string"}}],"inLanguage":"de"},{"@type":"Organization","@id":"https:\/\/sandrovanini.ch\/#organization","name":"Sandro Vanini SA","url":"https:\/\/sandrovanini.ch\/","logo":{"@type":"ImageObject","inLanguage":"de","@id":"https:\/\/sandrovanini.ch\/#\/schema\/logo\/image\/","url":"https:\/\/sandrovanini.ch\/vaniniwpsite\/wp-content\/uploads\/SANDRO-VANINI-LOGO-2021.png","contentUrl":"https:\/\/sandrovanini.ch\/vaniniwpsite\/wp-content\/uploads\/SANDRO-VANINI-LOGO-2021.png","width":300,"height":129,"caption":"Sandro Vanini SA"},"image":{"@id":"https:\/\/sandrovanini.ch\/#\/schema\/logo\/image\/"}},{"@type":"Person","@id":"https:\/\/sandrovanini.ch\/#\/schema\/person\/572677f1677d5cafa064b09e8d3f0bb3","name":"Stefan.Furrer","image":{"@type":"ImageObject","inLanguage":"de","@id":"https:\/\/secure.gravatar.com\/avatar\/6b413f9777693d603979a042c24249b8bcc22ef16e52806a2976511e9318d51a?s=96&d=mm&r=g","url":"https:\/\/secure.gravatar.com\/avatar\/6b413f9777693d603979a042c24249b8bcc22ef16e52806a2976511e9318d51a?s=96&d=mm&r=g","contentUrl":"https:\/\/secure.gravatar.com\/avatar\/6b413f9777693d603979a042c24249b8bcc22ef16e52806a2976511e9318d51a?s=96&d=mm&r=g","caption":"Stefan.Furrer"}}]}},"_links":{"self":[{"href":"https:\/\/sandrovanini.ch\/de\/wp-json\/wp\/v2\/posts\/7016","targetHints":{"allow":["GET"]}}],"collection":[{"href":"https:\/\/sandrovanini.ch\/de\/wp-json\/wp\/v2\/posts"}],"about":[{"href":"https:\/\/sandrovanini.ch\/de\/wp-json\/wp\/v2\/types\/post"}],"author":[{"embeddable":true,"href":"https:\/\/sandrovanini.ch\/de\/wp-json\/wp\/v2\/users\/12"}],"replies":[{"embeddable":true,"href":"https:\/\/sandrovanini.ch\/de\/wp-json\/wp\/v2\/comments?post=7016"}],"version-history":[{"count":1,"href":"https:\/\/sandrovanini.ch\/de\/wp-json\/wp\/v2\/posts\/7016\/revisions"}],"predecessor-version":[{"id":7017,"href":"https:\/\/sandrovanini.ch\/de\/wp-json\/wp\/v2\/posts\/7016\/revisions\/7017"}],"wp:featuredmedia":[{"embeddable":true,"href":"https:\/\/sandrovanini.ch\/de\/wp-json\/wp\/v2\/media\/7012"}],"wp:attachment":[{"href":"https:\/\/sandrovanini.ch\/de\/wp-json\/wp\/v2\/media?parent=7016"}],"wp:term":[{"taxonomy":"category","embeddable":true,"href":"https:\/\/sandrovanini.ch\/de\/wp-json\/wp\/v2\/categories?post=7016"},{"taxonomy":"post_tag","embeddable":true,"href":"https:\/\/sandrovanini.ch\/de\/wp-json\/wp\/v2\/tags?post=7016"}],"curies":[{"name":"wp","href":"https:\/\/api.w.org\/{rel}","templated":true}]}}