{"id":3722,"date":"2021-09-22T09:05:37","date_gmt":"2021-09-22T07:05:37","guid":{"rendered":"https:\/\/sandrovanini.ch\/vaniniwpsite\/castagnamo-valorizzazione-e-promozione-raccolta-2021\/"},"modified":"2021-10-21T10:36:28","modified_gmt":"2021-10-21T08:36:28","slug":"castagnamo-wiederaufwertung-und-foerderung-der-ernte-2021","status":"publish","type":"post","link":"https:\/\/sandrovanini.ch\/de\/castagnamo-wiederaufwertung-und-foerderung-der-ernte-2021\/","title":{"rendered":"Castagnamo &#8211; Wiederaufwertung und F\u00f6rderung der Ernte 2021"},"content":{"rendered":"<p><strong>Start der Kastanienernte 2021<\/strong><\/p>\n<p>Ab Montag, 27. September, bis Mittwoch, 3. November, k\u00f6nnen die Fr\u00fcchte in vier regionalen Zentren abgegeben werden: Es wurde ein Wettbewerb lanciert, bei dem diejenigen, die sich bei den Sammelstellen melden, attraktive COOP-Gutscheine im Wert von chf gewinnen k\u00f6nnen. 50.&#8211;.<\/p>\n<p>Die Lieferzentren befinden sich in Cadenazzo, Piazzale Fela; Stabio, Lagerhaus Tior\/Foft; Vezia, Malombra &#8211; Bioggio-Vezia Plan und Biasca, ex Arsenale.<\/p>\n<p>Die Qualit\u00e4t der Tessiner Kastanien ist derart, dass Sandro Vanini SA daraus k\u00f6stliche und schmackhafte Lebensmittelspezialit\u00e4ten herstellen kann!<\/p>\n<p>Wir empfehlen allen, einen Ausflug in den Wald zu machen, mit der Familie, den Kindern, den Freunden, f\u00fcr eine Weile in Kontakt mit der Natur, um unser Gebiet (wieder) zu entdecken und &#8222;auf Kastanienjagd&#8220; zu gehen.<\/p>\n<p>Um mehr zu erfahren, klicken Sie hier: <a href=\"https:\/\/www.reserve.ch\/it\/CASTAGNAMO\">https:\/\/www.reserve.ch\/it\/CASTAGNAMO<\/a><\/p>\n<p>Comunicato stampa: <a href=\"https:\/\/sandrovanini.ch\/vaniniwpsite\/wp-content\/uploads\/T_003779_VAN_CASTAGNAMO_2021_COMUNICATO-STAMPA.pdf\">T_003779_VAN_CASTAGNAMO_2021_COMUNICATO STAMPA<\/a><\/p>\n","protected":false},"excerpt":{"rendered":"<p>Start der Kastanienernte 2021 Ab Montag, 27. September, bis Mittwoch, 3. November, k\u00f6nnen die Fr\u00fcchte in vier regionalen Zentren abgegeben werden: Es wurde&#8230;<\/p>\n","protected":false},"author":2,"featured_media":2170,"comment_status":"open","ping_status":"open","sticky":false,"template":"","format":"standard","meta":{"_acf_changed":false,"footnotes":""},"categories":[118],"tags":[],"class_list":["post-3722","post","type-post","status-publish","format-standard","has-post-thumbnail","hentry","category-news-de"],"acf":[],"yoast_head":"<!-- This site is optimized with the Yoast SEO plugin v27.3 - https:\/\/yoast.com\/product\/yoast-seo-wordpress\/ -->\n<title>Castagnamo - Wiederaufwertung und F\u00f6rderung der Ernte 2021 - Sandro Vanini SA<\/title>\n<meta name=\"robots\" content=\"index, follow, max-snippet:-1, max-image-preview:large, max-video-preview:-1\" \/>\n<link rel=\"canonical\" href=\"https:\/\/sandrovanini.ch\/de\/castagnamo-wiederaufwertung-und-foerderung-der-ernte-2021\/\" \/>\n<meta property=\"og:locale\" content=\"de_DE\" \/>\n<meta property=\"og:type\" content=\"article\" \/>\n<meta property=\"og:title\" content=\"Castagnamo - Wiederaufwertung und F\u00f6rderung der Ernte 2021 - Sandro Vanini SA\" \/>\n<meta property=\"og:description\" content=\"Start der Kastanienernte 2021 Ab Montag, 27. September, bis Mittwoch, 3. November, k\u00f6nnen die Fr\u00fcchte in vier regionalen Zentren abgegeben werden: Es wurde...\" \/>\n<meta property=\"og:url\" content=\"https:\/\/sandrovanini.ch\/de\/castagnamo-wiederaufwertung-und-foerderung-der-ernte-2021\/\" \/>\n<meta property=\"og:site_name\" content=\"Sandro Vanini SA\" \/>\n<meta property=\"article:published_time\" content=\"2021-09-22T07:05:37+00:00\" \/>\n<meta property=\"article:modified_time\" content=\"2021-10-21T08:36:28+00:00\" \/>\n<meta property=\"og:image\" content=\"https:\/\/sandrovanini.ch\/vaniniwpsite\/wp-content\/uploads\/Da-sin-Schiesser-Scheggia-Fasana-Bassetti-e-Conedera.jpg\" \/>\n\t<meta property=\"og:image:width\" content=\"800\" \/>\n\t<meta property=\"og:image:height\" content=\"800\" \/>\n\t<meta property=\"og:image:type\" content=\"image\/jpeg\" \/>\n<meta name=\"author\" content=\"Simone\" \/>\n<meta name=\"twitter:card\" content=\"summary_large_image\" \/>\n<meta name=\"twitter:label1\" content=\"Verfasst von\" \/>\n\t<meta name=\"twitter:data1\" content=\"Simone\" \/>\n\t<meta name=\"twitter:label2\" content=\"Gesch\u00e4tzte Lesezeit\" \/>\n\t<meta name=\"twitter:data2\" content=\"1\u00a0Minute\" \/>\n<script type=\"application\/ld+json\" class=\"yoast-schema-graph\">{\"@context\":\"https:\\\/\\\/schema.org\",\"@graph\":[{\"@type\":\"Article\",\"@id\":\"https:\\\/\\\/sandrovanini.ch\\\/de\\\/castagnamo-wiederaufwertung-und-foerderung-der-ernte-2021\\\/#article\",\"isPartOf\":{\"@id\":\"https:\\\/\\\/sandrovanini.ch\\\/de\\\/castagnamo-wiederaufwertung-und-foerderung-der-ernte-2021\\\/\"},\"author\":{\"name\":\"Simone\",\"@id\":\"https:\\\/\\\/sandrovanini.ch\\\/#\\\/schema\\\/person\\\/435dbd0fd53281feeff0d721cf86bbfd\"},\"headline\":\"Castagnamo &#8211; Wiederaufwertung und F\u00f6rderung der Ernte 2021\",\"datePublished\":\"2021-09-22T07:05:37+00:00\",\"dateModified\":\"2021-10-21T08:36:28+00:00\",\"mainEntityOfPage\":{\"@id\":\"https:\\\/\\\/sandrovanini.ch\\\/de\\\/castagnamo-wiederaufwertung-und-foerderung-der-ernte-2021\\\/\"},\"wordCount\":151,\"commentCount\":0,\"publisher\":{\"@id\":\"https:\\\/\\\/sandrovanini.ch\\\/#organization\"},\"image\":{\"@id\":\"https:\\\/\\\/sandrovanini.ch\\\/de\\\/castagnamo-wiederaufwertung-und-foerderung-der-ernte-2021\\\/#primaryimage\"},\"thumbnailUrl\":\"https:\\\/\\\/sandrovanini.ch\\\/vaniniwpsite\\\/wp-content\\\/uploads\\\/Da-sin-Schiesser-Scheggia-Fasana-Bassetti-e-Conedera.jpg\",\"articleSection\":[\"News\"],\"inLanguage\":\"de\",\"potentialAction\":[{\"@type\":\"CommentAction\",\"name\":\"Comment\",\"target\":[\"https:\\\/\\\/sandrovanini.ch\\\/de\\\/castagnamo-wiederaufwertung-und-foerderung-der-ernte-2021\\\/#respond\"]}]},{\"@type\":\"WebPage\",\"@id\":\"https:\\\/\\\/sandrovanini.ch\\\/de\\\/castagnamo-wiederaufwertung-und-foerderung-der-ernte-2021\\\/\",\"url\":\"https:\\\/\\\/sandrovanini.ch\\\/de\\\/castagnamo-wiederaufwertung-und-foerderung-der-ernte-2021\\\/\",\"name\":\"Castagnamo - Wiederaufwertung und F\u00f6rderung der Ernte 2021 - Sandro Vanini SA\",\"isPartOf\":{\"@id\":\"https:\\\/\\\/sandrovanini.ch\\\/#website\"},\"primaryImageOfPage\":{\"@id\":\"https:\\\/\\\/sandrovanini.ch\\\/de\\\/castagnamo-wiederaufwertung-und-foerderung-der-ernte-2021\\\/#primaryimage\"},\"image\":{\"@id\":\"https:\\\/\\\/sandrovanini.ch\\\/de\\\/castagnamo-wiederaufwertung-und-foerderung-der-ernte-2021\\\/#primaryimage\"},\"thumbnailUrl\":\"https:\\\/\\\/sandrovanini.ch\\\/vaniniwpsite\\\/wp-content\\\/uploads\\\/Da-sin-Schiesser-Scheggia-Fasana-Bassetti-e-Conedera.jpg\",\"datePublished\":\"2021-09-22T07:05:37+00:00\",\"dateModified\":\"2021-10-21T08:36:28+00:00\",\"breadcrumb\":{\"@id\":\"https:\\\/\\\/sandrovanini.ch\\\/de\\\/castagnamo-wiederaufwertung-und-foerderung-der-ernte-2021\\\/#breadcrumb\"},\"inLanguage\":\"de\",\"potentialAction\":[{\"@type\":\"ReadAction\",\"target\":[\"https:\\\/\\\/sandrovanini.ch\\\/de\\\/castagnamo-wiederaufwertung-und-foerderung-der-ernte-2021\\\/\"]}]},{\"@type\":\"ImageObject\",\"inLanguage\":\"de\",\"@id\":\"https:\\\/\\\/sandrovanini.ch\\\/de\\\/castagnamo-wiederaufwertung-und-foerderung-der-ernte-2021\\\/#primaryimage\",\"url\":\"https:\\\/\\\/sandrovanini.ch\\\/vaniniwpsite\\\/wp-content\\\/uploads\\\/Da-sin-Schiesser-Scheggia-Fasana-Bassetti-e-Conedera.jpg\",\"contentUrl\":\"https:\\\/\\\/sandrovanini.ch\\\/vaniniwpsite\\\/wp-content\\\/uploads\\\/Da-sin-Schiesser-Scheggia-Fasana-Bassetti-e-Conedera.jpg\",\"width\":800,\"height\":800,\"caption\":\"Da-sin-Schiesser-Scheggia-Fasana-Bassetti-e-Conedera\"},{\"@type\":\"BreadcrumbList\",\"@id\":\"https:\\\/\\\/sandrovanini.ch\\\/de\\\/castagnamo-wiederaufwertung-und-foerderung-der-ernte-2021\\\/#breadcrumb\",\"itemListElement\":[{\"@type\":\"ListItem\",\"position\":1,\"name\":\"Home\",\"item\":\"https:\\\/\\\/sandrovanini.ch\\\/de\\\/\"},{\"@type\":\"ListItem\",\"position\":2,\"name\":\"Castagnamo &#8211; Wiederaufwertung und F\u00f6rderung der Ernte 2021\"}]},{\"@type\":\"WebSite\",\"@id\":\"https:\\\/\\\/sandrovanini.ch\\\/#website\",\"url\":\"https:\\\/\\\/sandrovanini.ch\\\/\",\"name\":\"Sandro Vanini SA\",\"description\":\"Delizie da vivere\",\"publisher\":{\"@id\":\"https:\\\/\\\/sandrovanini.ch\\\/#organization\"},\"potentialAction\":[{\"@type\":\"SearchAction\",\"target\":{\"@type\":\"EntryPoint\",\"urlTemplate\":\"https:\\\/\\\/sandrovanini.ch\\\/?s={search_term_string}\"},\"query-input\":{\"@type\":\"PropertyValueSpecification\",\"valueRequired\":true,\"valueName\":\"search_term_string\"}}],\"inLanguage\":\"de\"},{\"@type\":\"Organization\",\"@id\":\"https:\\\/\\\/sandrovanini.ch\\\/#organization\",\"name\":\"Sandro Vanini SA\",\"url\":\"https:\\\/\\\/sandrovanini.ch\\\/\",\"logo\":{\"@type\":\"ImageObject\",\"inLanguage\":\"de\",\"@id\":\"https:\\\/\\\/sandrovanini.ch\\\/#\\\/schema\\\/logo\\\/image\\\/\",\"url\":\"https:\\\/\\\/sandrovanini.ch\\\/vaniniwpsite\\\/wp-content\\\/uploads\\\/SANDRO-VANINI-LOGO-2021.png\",\"contentUrl\":\"https:\\\/\\\/sandrovanini.ch\\\/vaniniwpsite\\\/wp-content\\\/uploads\\\/SANDRO-VANINI-LOGO-2021.png\",\"width\":300,\"height\":129,\"caption\":\"Sandro Vanini SA\"},\"image\":{\"@id\":\"https:\\\/\\\/sandrovanini.ch\\\/#\\\/schema\\\/logo\\\/image\\\/\"}},{\"@type\":\"Person\",\"@id\":\"https:\\\/\\\/sandrovanini.ch\\\/#\\\/schema\\\/person\\\/435dbd0fd53281feeff0d721cf86bbfd\",\"name\":\"Simone\",\"image\":{\"@type\":\"ImageObject\",\"inLanguage\":\"de\",\"@id\":\"https:\\\/\\\/secure.gravatar.com\\\/avatar\\\/edb8bee8119e83899f858559aabc1b13c0757157513f8691d903ae766c183dec?s=96&d=mm&r=g\",\"url\":\"https:\\\/\\\/secure.gravatar.com\\\/avatar\\\/edb8bee8119e83899f858559aabc1b13c0757157513f8691d903ae766c183dec?s=96&d=mm&r=g\",\"contentUrl\":\"https:\\\/\\\/secure.gravatar.com\\\/avatar\\\/edb8bee8119e83899f858559aabc1b13c0757157513f8691d903ae766c183dec?s=96&d=mm&r=g\",\"caption\":\"Simone\"}}]}<\/script>\n<!-- \/ Yoast SEO plugin. -->","yoast_head_json":{"title":"Castagnamo - Wiederaufwertung und F\u00f6rderung der Ernte 2021 - Sandro Vanini SA","robots":{"index":"index","follow":"follow","max-snippet":"max-snippet:-1","max-image-preview":"max-image-preview:large","max-video-preview":"max-video-preview:-1"},"canonical":"https:\/\/sandrovanini.ch\/de\/castagnamo-wiederaufwertung-und-foerderung-der-ernte-2021\/","og_locale":"de_DE","og_type":"article","og_title":"Castagnamo - Wiederaufwertung und F\u00f6rderung der Ernte 2021 - Sandro Vanini SA","og_description":"Start der Kastanienernte 2021 Ab Montag, 27. September, bis Mittwoch, 3. November, k\u00f6nnen die Fr\u00fcchte in vier regionalen Zentren abgegeben werden: Es wurde...","og_url":"https:\/\/sandrovanini.ch\/de\/castagnamo-wiederaufwertung-und-foerderung-der-ernte-2021\/","og_site_name":"Sandro Vanini SA","article_published_time":"2021-09-22T07:05:37+00:00","article_modified_time":"2021-10-21T08:36:28+00:00","og_image":[{"width":800,"height":800,"url":"https:\/\/sandrovanini.ch\/vaniniwpsite\/wp-content\/uploads\/Da-sin-Schiesser-Scheggia-Fasana-Bassetti-e-Conedera.jpg","type":"image\/jpeg"}],"author":"Simone","twitter_card":"summary_large_image","twitter_misc":{"Verfasst von":"Simone","Gesch\u00e4tzte Lesezeit":"1\u00a0Minute"},"schema":{"@context":"https:\/\/schema.org","@graph":[{"@type":"Article","@id":"https:\/\/sandrovanini.ch\/de\/castagnamo-wiederaufwertung-und-foerderung-der-ernte-2021\/#article","isPartOf":{"@id":"https:\/\/sandrovanini.ch\/de\/castagnamo-wiederaufwertung-und-foerderung-der-ernte-2021\/"},"author":{"name":"Simone","@id":"https:\/\/sandrovanini.ch\/#\/schema\/person\/435dbd0fd53281feeff0d721cf86bbfd"},"headline":"Castagnamo &#8211; Wiederaufwertung und F\u00f6rderung der Ernte 2021","datePublished":"2021-09-22T07:05:37+00:00","dateModified":"2021-10-21T08:36:28+00:00","mainEntityOfPage":{"@id":"https:\/\/sandrovanini.ch\/de\/castagnamo-wiederaufwertung-und-foerderung-der-ernte-2021\/"},"wordCount":151,"commentCount":0,"publisher":{"@id":"https:\/\/sandrovanini.ch\/#organization"},"image":{"@id":"https:\/\/sandrovanini.ch\/de\/castagnamo-wiederaufwertung-und-foerderung-der-ernte-2021\/#primaryimage"},"thumbnailUrl":"https:\/\/sandrovanini.ch\/vaniniwpsite\/wp-content\/uploads\/Da-sin-Schiesser-Scheggia-Fasana-Bassetti-e-Conedera.jpg","articleSection":["News"],"inLanguage":"de","potentialAction":[{"@type":"CommentAction","name":"Comment","target":["https:\/\/sandrovanini.ch\/de\/castagnamo-wiederaufwertung-und-foerderung-der-ernte-2021\/#respond"]}]},{"@type":"WebPage","@id":"https:\/\/sandrovanini.ch\/de\/castagnamo-wiederaufwertung-und-foerderung-der-ernte-2021\/","url":"https:\/\/sandrovanini.ch\/de\/castagnamo-wiederaufwertung-und-foerderung-der-ernte-2021\/","name":"Castagnamo - Wiederaufwertung und F\u00f6rderung der Ernte 2021 - Sandro Vanini SA","isPartOf":{"@id":"https:\/\/sandrovanini.ch\/#website"},"primaryImageOfPage":{"@id":"https:\/\/sandrovanini.ch\/de\/castagnamo-wiederaufwertung-und-foerderung-der-ernte-2021\/#primaryimage"},"image":{"@id":"https:\/\/sandrovanini.ch\/de\/castagnamo-wiederaufwertung-und-foerderung-der-ernte-2021\/#primaryimage"},"thumbnailUrl":"https:\/\/sandrovanini.ch\/vaniniwpsite\/wp-content\/uploads\/Da-sin-Schiesser-Scheggia-Fasana-Bassetti-e-Conedera.jpg","datePublished":"2021-09-22T07:05:37+00:00","dateModified":"2021-10-21T08:36:28+00:00","breadcrumb":{"@id":"https:\/\/sandrovanini.ch\/de\/castagnamo-wiederaufwertung-und-foerderung-der-ernte-2021\/#breadcrumb"},"inLanguage":"de","potentialAction":[{"@type":"ReadAction","target":["https:\/\/sandrovanini.ch\/de\/castagnamo-wiederaufwertung-und-foerderung-der-ernte-2021\/"]}]},{"@type":"ImageObject","inLanguage":"de","@id":"https:\/\/sandrovanini.ch\/de\/castagnamo-wiederaufwertung-und-foerderung-der-ernte-2021\/#primaryimage","url":"https:\/\/sandrovanini.ch\/vaniniwpsite\/wp-content\/uploads\/Da-sin-Schiesser-Scheggia-Fasana-Bassetti-e-Conedera.jpg","contentUrl":"https:\/\/sandrovanini.ch\/vaniniwpsite\/wp-content\/uploads\/Da-sin-Schiesser-Scheggia-Fasana-Bassetti-e-Conedera.jpg","width":800,"height":800,"caption":"Da-sin-Schiesser-Scheggia-Fasana-Bassetti-e-Conedera"},{"@type":"BreadcrumbList","@id":"https:\/\/sandrovanini.ch\/de\/castagnamo-wiederaufwertung-und-foerderung-der-ernte-2021\/#breadcrumb","itemListElement":[{"@type":"ListItem","position":1,"name":"Home","item":"https:\/\/sandrovanini.ch\/de\/"},{"@type":"ListItem","position":2,"name":"Castagnamo &#8211; Wiederaufwertung und F\u00f6rderung der Ernte 2021"}]},{"@type":"WebSite","@id":"https:\/\/sandrovanini.ch\/#website","url":"https:\/\/sandrovanini.ch\/","name":"Sandro Vanini SA","description":"Delizie da vivere","publisher":{"@id":"https:\/\/sandrovanini.ch\/#organization"},"potentialAction":[{"@type":"SearchAction","target":{"@type":"EntryPoint","urlTemplate":"https:\/\/sandrovanini.ch\/?s={search_term_string}"},"query-input":{"@type":"PropertyValueSpecification","valueRequired":true,"valueName":"search_term_string"}}],"inLanguage":"de"},{"@type":"Organization","@id":"https:\/\/sandrovanini.ch\/#organization","name":"Sandro Vanini SA","url":"https:\/\/sandrovanini.ch\/","logo":{"@type":"ImageObject","inLanguage":"de","@id":"https:\/\/sandrovanini.ch\/#\/schema\/logo\/image\/","url":"https:\/\/sandrovanini.ch\/vaniniwpsite\/wp-content\/uploads\/SANDRO-VANINI-LOGO-2021.png","contentUrl":"https:\/\/sandrovanini.ch\/vaniniwpsite\/wp-content\/uploads\/SANDRO-VANINI-LOGO-2021.png","width":300,"height":129,"caption":"Sandro Vanini SA"},"image":{"@id":"https:\/\/sandrovanini.ch\/#\/schema\/logo\/image\/"}},{"@type":"Person","@id":"https:\/\/sandrovanini.ch\/#\/schema\/person\/435dbd0fd53281feeff0d721cf86bbfd","name":"Simone","image":{"@type":"ImageObject","inLanguage":"de","@id":"https:\/\/secure.gravatar.com\/avatar\/edb8bee8119e83899f858559aabc1b13c0757157513f8691d903ae766c183dec?s=96&d=mm&r=g","url":"https:\/\/secure.gravatar.com\/avatar\/edb8bee8119e83899f858559aabc1b13c0757157513f8691d903ae766c183dec?s=96&d=mm&r=g","contentUrl":"https:\/\/secure.gravatar.com\/avatar\/edb8bee8119e83899f858559aabc1b13c0757157513f8691d903ae766c183dec?s=96&d=mm&r=g","caption":"Simone"}}]}},"_links":{"self":[{"href":"https:\/\/sandrovanini.ch\/de\/wp-json\/wp\/v2\/posts\/3722","targetHints":{"allow":["GET"]}}],"collection":[{"href":"https:\/\/sandrovanini.ch\/de\/wp-json\/wp\/v2\/posts"}],"about":[{"href":"https:\/\/sandrovanini.ch\/de\/wp-json\/wp\/v2\/types\/post"}],"author":[{"embeddable":true,"href":"https:\/\/sandrovanini.ch\/de\/wp-json\/wp\/v2\/users\/2"}],"replies":[{"embeddable":true,"href":"https:\/\/sandrovanini.ch\/de\/wp-json\/wp\/v2\/comments?post=3722"}],"version-history":[{"count":1,"href":"https:\/\/sandrovanini.ch\/de\/wp-json\/wp\/v2\/posts\/3722\/revisions"}],"predecessor-version":[{"id":3724,"href":"https:\/\/sandrovanini.ch\/de\/wp-json\/wp\/v2\/posts\/3722\/revisions\/3724"}],"wp:featuredmedia":[{"embeddable":true,"href":"https:\/\/sandrovanini.ch\/de\/wp-json\/wp\/v2\/media\/2170"}],"wp:attachment":[{"href":"https:\/\/sandrovanini.ch\/de\/wp-json\/wp\/v2\/media?parent=3722"}],"wp:term":[{"taxonomy":"category","embeddable":true,"href":"https:\/\/sandrovanini.ch\/de\/wp-json\/wp\/v2\/categories?post=3722"},{"taxonomy":"post_tag","embeddable":true,"href":"https:\/\/sandrovanini.ch\/de\/wp-json\/wp\/v2\/tags?post=3722"}],"curies":[{"name":"wp","href":"https:\/\/api.w.org\/{rel}","templated":true}]}}